{"id":18731,"date":"2025-09-26T16:21:42","date_gmt":"2025-09-26T14:21:42","guid":{"rendered":"https:\/\/serbenidorm.daliisolutions.com\/index.php\/2025\/09\/26\/870-canciones-luchan-por-estar-en-el-benidorm-fest\/"},"modified":"2025-09-26T16:21:42","modified_gmt":"2025-09-26T14:21:42","slug":"870-canciones-luchan-por-estar-en-el-benidorm-fest","status":"publish","type":"post","link":"https:\/\/serbenidorm.daliisolutions.com\/index.php\/2025\/09\/26\/870-canciones-luchan-por-estar-en-el-benidorm-fest\/","title":{"rendered":"870 canciones luchan por estar en el Benidorm Fest"},"content":{"rendered":" <p>RTVE ha cerrado el proceso de selecci\u00f3n de candidaturas para el Benidorm Fest 2026 con 870 canciones, de ellas <a href=\"https:\/\/cadenaser.com\/tag\/benidorm\/a\/\" target=\"_blank\" rel=\"nofollow\" title=\"https:\/\/cadenaser.com\/tag\/benidorm\/a\/\">350 temas en las \u00faltimas veinticuatro horas<\/a>, ha se\u00f1alado este viernes la corporaci\u00f3n.<\/p>  <p>RTVE cerr\u00f3 este mi\u00e9rcoles a las 23:59 horas el proceso de selecci\u00f3n de candidaturas para el Benidorm Fest 2026. <\/p>  <p>En total, se han recibido 870 canciones a lo largo de los 111 d\u00edas que ha durado el proceso abierto por la corporaci\u00f3n, 32 d\u00edas menos que en la edici\u00f3n anterior. <\/p>  <p>Tras cerrar el proceso de recepci\u00f3n de canciones, se elegir\u00e1n las 16 mejores propuestas, que podr\u00edan ampliarse hasta un m\u00e1ximo de 20, conforme establecen las bases del Benidorm Fest 2026 , en caso de que las candidaturas tengan un alto nivel de calidad musical.<\/p>  <p>Las semifinales del festival, que el pr\u00f3ximo a\u00f1o celebra su quinta edici\u00f3n, tendr\u00e1n lugar los d\u00edas 10 y 12 de febrero y la gran final ser\u00e1 el 14 de febrero. <\/p>  <p>En los \u00faltimos a\u00f1os, el Benidorm Fest sirvi\u00f3 para elegir al representante de Espa\u00f1a en Eurovisi\u00f3n, aunque para el certamen de 2026 el Consejo de Administraci\u00f3n de RTVE anunci\u00f3 la retirada de la delegaci\u00f3n espa\u00f1ola si Israel participa.<\/p>  <p>En todo caso, RTVE se\u00f1al\u00f3 que esa decisi\u00f3n \u00abno altera los planes\u00bb sobre la celebraci\u00f3n del Benidorm Fest, ya que es \u00abun festival con identidad propia, totalmente consolidado\u00bb. <\/p>  <p><\/p>  <p><\/p>  <p><\/p>  <p><\/p> ","protected":false},"excerpt":{"rendered":"<p>RTVE cierra el proceso de selecci\u00f3n<\/p>\n","protected":false},"author":0,"featured_media":18732,"comment_status":"","ping_status":"open","sticky":false,"template":"","format":"standard","meta":{"_acf_changed":false,"footnotes":""},"categories":[1],"tags":[],"class_list":["post-18731","post","type-post","status-publish","format-standard","has-post-thumbnail","hentry","category-sin-categoria"],"acf":{"ser_id":"HQAQYTP5QVDKTIHOAQBJVRYXBM","ser_url":"https:\/\/cadenaser.com\/comunitat-valenciana\/2025\/09\/26\/870-canciones-luchan-por-estar-en-el-benidorm-fest-radio-benidorm\/"},"_links":{"self":[{"href":"https:\/\/serbenidorm.daliisolutions.com\/index.php\/wp-json\/wp\/v2\/posts\/18731","targetHints":{"allow":["GET"]}}],"collection":[{"href":"https:\/\/serbenidorm.daliisolutions.com\/index.php\/wp-json\/wp\/v2\/posts"}],"about":[{"href":"https:\/\/serbenidorm.daliisolutions.com\/index.php\/wp-json\/wp\/v2\/types\/post"}],"replies":[{"embeddable":true,"href":"https:\/\/serbenidorm.daliisolutions.com\/index.php\/wp-json\/wp\/v2\/comments?post=18731"}],"version-history":[{"count":0,"href":"https:\/\/serbenidorm.daliisolutions.com\/index.php\/wp-json\/wp\/v2\/posts\/18731\/revisions"}],"wp:featuredmedia":[{"embeddable":true,"href":"https:\/\/serbenidorm.daliisolutions.com\/index.php\/wp-json\/wp\/v2\/media\/18732"}],"wp:attachment":[{"href":"https:\/\/serbenidorm.daliisolutions.com\/index.php\/wp-json\/wp\/v2\/media?parent=18731"}],"wp:term":[{"taxonomy":"category","embeddable":true,"href":"https:\/\/serbenidorm.daliisolutions.com\/index.php\/wp-json\/wp\/v2\/categories?post=18731"},{"taxonomy":"post_tag","embeddable":true,"href":"https:\/\/serbenidorm.daliisolutions.com\/index.php\/wp-json\/wp\/v2\/tags?post=18731"}],"curies":[{"name":"wp","href":"https:\/\/api.w.org\/{rel}","templated":true}]}}