{"id":18733,"date":"2025-09-26T16:21:45","date_gmt":"2025-09-26T14:21:45","guid":{"rendered":"https:\/\/serbenidorm.daliisolutions.com\/index.php\/2025\/09\/26\/todo-a-punto-para-las-fiestas-de-la-cala-de-finestrat\/"},"modified":"2025-09-26T16:21:45","modified_gmt":"2025-09-26T14:21:45","slug":"todo-a-punto-para-las-fiestas-de-la-cala-de-finestrat","status":"publish","type":"post","link":"https:\/\/serbenidorm.daliisolutions.com\/index.php\/2025\/09\/26\/todo-a-punto-para-las-fiestas-de-la-cala-de-finestrat\/","title":{"rendered":"Todo a punto para las Fiestas de La Cala de Finestrat"},"content":{"rendered":" <p>Finestrat se prepara para despedir el verano con sus tradicionales Fiestas de La Cala este \u00faltimo fin de semana de Septiembre. 3 intensas jornadas festivas con un variado programa que combina m\u00fasica en directo con el Tributo a Fito &amp; Fitipaldis, actividades y animaci\u00f3n para los peques como hinchables y espect\u00e1culo de circo, tardeo, sesi\u00f3n Dj con Toni Medina, el Concurso Nacional Canino y la solidaridad de la mano de C\u00e1ritas y su carrera popular solidaria.<\/p>  <p>En <a href=\"https:\/\/radiobenidorm.es\" target=\"_blank\" rel=\"nofollow\" title=\"https:\/\/radiobenidorm.es\">Hoy por Hoy Benidorm<\/a>, la concejala de Fiestas de Finestrat, Sara Llorca, ha avanzado los detalles del programa: \u201cTendremos m\u00fasica de banda por las calles de nuestra Cala de la mano de la Bandeta del Centre Musical Puig Campana y en la noche del viernes, todos a bailar con DJ Toni Medina. Pensando en los m\u00e1s peque\u00f1os el s\u00e1bado \u201cLlega el Circo de Carlos Barfi\u201d, y tambi\u00e9n pondremos hinchables desde las 11 hasta las 18:00h. <\/p>  <p>El s\u00e1bado habr\u00e1 tardeo con la \u201cCharanga Terremoto\u201d y, por la noche, el Tributo a Fito y Fitipaldis que brinda la banda que lleva el t\u00edtulo de una de sus canciones m\u00e1s conocidas: \u201cWhisky Barato\u201d. Este Tributo as\u00ed como el espect\u00e1culo de circo forman parte del conjunto de actuaciones que el Ayuntamiento trae a Finestrat al formar parte del Circuit Valenci\u00e0 Cultural gracias a la adhesi\u00f3n del Ayuntamiento al convenio marco entre FVMP y el Institut Cultural Valenci\u00e0.<\/p>  <p>Las Fiestas de La Cala de Finestrat continuar\u00e1n el domingo 28 con el Concurso Nacional Canino y la jornada solidaria que organiza C\u00e1ritas con actuaciones y carrera popular.Organizado por la Sociedad Canina de Alicante con la colaboraci\u00f3n del Ayuntamiento de Finestrat en el Concurso Nacional Canino se espera la participaci\u00f3n de m\u00e1s de 100 ejemplares, tanto perros de raza como mestizos. En el caso de los perros mestizos, la recaudaci\u00f3n por las inscripciones, 5\u20ac por animal, tendr\u00e1 un fin solidario pues ir\u00e1 destinado a La Cruz Protectora de Animales.<\/p>  <p>En cuanto a la carrera solidaria de C\u00e1ritas, abrir\u00e1n inscripciones a las 9 de la ma\u00f1ana, el mismo domingo 28. Y dar\u00e1n la salida a las 11:00 horas. Ser\u00e1n 2 kil\u00f3metros de longitud por La Cala.<\/p>  <p>Adem\u00e1s de la carrera popular, habr\u00e1 actividades para amenizar la jornada como sesi\u00f3n de zumba, t\u00edteres, m\u00fasica en directo y sorteo solidario para recaudar fondos destinados a esta entidad.<\/p>  <p>El programa de actos tendr\u00e1 lugar en la zona del aparcamiento p\u00fablico paralelo a la playa. \u201cY el viernes y s\u00e1bado pondremos una l\u00ednea gratuita de autob\u00fas para facilitar la participaci\u00f3n de los vecinos desde el casco hist\u00f3rico, pasando por urbanizaciones\u201d.<\/p>  <p>En materia de Igualdad Finestrat volver\u00e1 a contar con Punto Violeta en sus Fiestas de La Cala.<\/p>  <p>Viernes 26<\/p>  <p>De 19:00 a 21:00h. Pasacalles por La Cala con la Bandeta CMPC (Centre Musical Puig Campana).22:00h. Sesi\u00f3n DJ con Toni Medina.<\/p>  <p>Barra a precios populares desde las 19:00h.<\/p>  <p>S\u00e1bado 27 <\/p>  <p>De 12 a 14h. Pasacalles por La Cala con la Bandeta CMPC (Centre Musical Puig Campana).De 11 a 18h. Hinchables para los peques.<\/p>  <p>12:00h. Espect\u00e1culo infantil y familiar \u201cCirco con Carlos Barfi\u201d. Edades\u2026 Circuit Cultural Valenci\u00e0.De 18:30h a 21:30h. Tardeo con Charanga Terremoto.<\/p>  <p>22:30h. Tributo a Fito &amp; Fitipaldis con la banda Whisky Barato.<\/p>  <p>Domingo 28<\/p>  <p>Concurso Nacional Canino Finestrat. Inscripciones: 9:00h. Inicio concurso: 10:30h. +Info en www.sociedadcaninaalicante.com<\/p>  <p>2\u00aa Carrera Solidaria C\u00e1ritas. Inscripciones a partir de las 9:00 horas. Inicio carrera: 11:00h.Actividades durante la jornada hasta la celebraci\u00f3n del sorteo solidario.<\/p>  <p>**Durante todas las fiestas habr\u00e1 servicio de barra a precios populares**Todos los eventos tendr\u00e1n lugar en el p\u00e1rking p\u00fablico de La Cala Finestrat.<\/p>  <p>Viernes 26.<\/p>  <p>Salida: 20:00h. La Fonteta (parada en urbanizaciones). Regreso: 1:15h.<\/p>  <p>S\u00e1bado 27<\/p>  <p>Salida: 12:00h. La Fonteta. Regreso: 18:30h.<\/p>  <p>Salida: 18:00h. Regreso: 1:15h.<\/p> ","protected":false},"excerpt":{"rendered":"<p>Del 26 al 28 de septiembre habr\u00e1 actividades y animaci\u00f3n para toda la familia<\/p>\n","protected":false},"author":0,"featured_media":18734,"comment_status":"","ping_status":"open","sticky":false,"template":"","format":"standard","meta":{"_acf_changed":false,"footnotes":""},"categories":[1],"tags":[],"class_list":["post-18733","post","type-post","status-publish","format-standard","has-post-thumbnail","hentry","category-sin-categoria"],"acf":{"ser_id":"PGYWEGV27JGRZKPARZ5NBFCK2U","ser_url":"https:\/\/cadenaser.com\/comunitat-valenciana\/2025\/09\/26\/todo-a-punto-para-las-fiestas-de-la-cala-de-finestrat-radio-benidorm\/"},"_links":{"self":[{"href":"https:\/\/serbenidorm.daliisolutions.com\/index.php\/wp-json\/wp\/v2\/posts\/18733","targetHints":{"allow":["GET"]}}],"collection":[{"href":"https:\/\/serbenidorm.daliisolutions.com\/index.php\/wp-json\/wp\/v2\/posts"}],"about":[{"href":"https:\/\/serbenidorm.daliisolutions.com\/index.php\/wp-json\/wp\/v2\/types\/post"}],"replies":[{"embeddable":true,"href":"https:\/\/serbenidorm.daliisolutions.com\/index.php\/wp-json\/wp\/v2\/comments?post=18733"}],"version-history":[{"count":0,"href":"https:\/\/serbenidorm.daliisolutions.com\/index.php\/wp-json\/wp\/v2\/posts\/18733\/revisions"}],"wp:featuredmedia":[{"embeddable":true,"href":"https:\/\/serbenidorm.daliisolutions.com\/index.php\/wp-json\/wp\/v2\/media\/18734"}],"wp:attachment":[{"href":"https:\/\/serbenidorm.daliisolutions.com\/index.php\/wp-json\/wp\/v2\/media?parent=18733"}],"wp:term":[{"taxonomy":"category","embeddable":true,"href":"https:\/\/serbenidorm.daliisolutions.com\/index.php\/wp-json\/wp\/v2\/categories?post=18733"},{"taxonomy":"post_tag","embeddable":true,"href":"https:\/\/serbenidorm.daliisolutions.com\/index.php\/wp-json\/wp\/v2\/tags?post=18733"}],"curies":[{"name":"wp","href":"https:\/\/api.w.org\/{rel}","templated":true}]}}