{"id":18735,"date":"2025-09-26T16:21:45","date_gmt":"2025-09-26T14:21:45","guid":{"rendered":"https:\/\/serbenidorm.daliisolutions.com\/index.php\/2025\/09\/26\/el-balonmano-benidorm-femenino-se-entrena-en-liga\/"},"modified":"2025-09-26T16:21:45","modified_gmt":"2025-09-26T14:21:45","slug":"el-balonmano-benidorm-femenino-se-entrena-en-liga","status":"publish","type":"post","link":"https:\/\/serbenidorm.daliisolutions.com\/index.php\/2025\/09\/26\/el-balonmano-benidorm-femenino-se-entrena-en-liga\/","title":{"rendered":"El Balonmano Benidorm femenino se entrena en liga"},"content":{"rendered":" <p>El Balonmano Servigroup Benidorm encara un fin de semana marcado por los estrenos de sus equipos de base y femenino. El conjunto femenino que dirige Ra\u00fal Garc\u00eda s\u00ed afronta este fin de semana su primer compromiso liguero en la Primera Nacional. Las benidormenses viajan hasta Valencia para medirse al Moldtrans Jaume I en el Pabell\u00f3n Municipal del Cabanyal, este 28 de septiembre a las 10.30 h con el objetivo de arrancar la temporada sumando la primera victoria a domicilio<\/p>  <p>Por su parte, en la Segunda Nacional Masculina, el filial deber\u00e1 esperar para su debut oficial, ya que el partido de la jornada uno ante el Hierba Santa Pola ha sido aplazado. El encuentro se disputar\u00e1 finalmente el mi\u00e9rcoles 8 de octubre en el Pabell\u00f3n Municipal Lara Gonz\u00e1lez. De este modo, el estreno de los chicos ser\u00e1 en la jornada dos, en casa, frente al Alc\u00e0sser.<\/p>  <p>Un fin de semana en el que los equipos del club buscar\u00e1n empezar con buen pie sus respectivas competiciones, con la vista puesta en consolidar un a\u00f1o ilusionante para la cantera y el balonmano femenino de Benidorm.<\/p> ","protected":false},"excerpt":{"rendered":"<p>El filial masculino, tendr\u00e1 que esperar una semana m\u00e1s, debido al aplazamiento de su partido<\/p>\n","protected":false},"author":0,"featured_media":18736,"comment_status":"","ping_status":"open","sticky":false,"template":"","format":"standard","meta":{"_acf_changed":false,"footnotes":""},"categories":[16],"tags":[],"class_list":["post-18735","post","type-post","status-publish","format-standard","has-post-thumbnail","hentry","category-deportes"],"acf":{"ser_id":"PSL7JMMUHBBUVHO3A75Q6BHKQI","ser_url":"https:\/\/cadenaser.com\/comunitat-valenciana\/2025\/09\/26\/el-balonmano-benidorm-femenino-se-entrena-en-liga-radio-benidorm\/"},"_links":{"self":[{"href":"https:\/\/serbenidorm.daliisolutions.com\/index.php\/wp-json\/wp\/v2\/posts\/18735","targetHints":{"allow":["GET"]}}],"collection":[{"href":"https:\/\/serbenidorm.daliisolutions.com\/index.php\/wp-json\/wp\/v2\/posts"}],"about":[{"href":"https:\/\/serbenidorm.daliisolutions.com\/index.php\/wp-json\/wp\/v2\/types\/post"}],"replies":[{"embeddable":true,"href":"https:\/\/serbenidorm.daliisolutions.com\/index.php\/wp-json\/wp\/v2\/comments?post=18735"}],"version-history":[{"count":0,"href":"https:\/\/serbenidorm.daliisolutions.com\/index.php\/wp-json\/wp\/v2\/posts\/18735\/revisions"}],"wp:featuredmedia":[{"embeddable":true,"href":"https:\/\/serbenidorm.daliisolutions.com\/index.php\/wp-json\/wp\/v2\/media\/18736"}],"wp:attachment":[{"href":"https:\/\/serbenidorm.daliisolutions.com\/index.php\/wp-json\/wp\/v2\/media?parent=18735"}],"wp:term":[{"taxonomy":"category","embeddable":true,"href":"https:\/\/serbenidorm.daliisolutions.com\/index.php\/wp-json\/wp\/v2\/categories?post=18735"},{"taxonomy":"post_tag","embeddable":true,"href":"https:\/\/serbenidorm.daliisolutions.com\/index.php\/wp-json\/wp\/v2\/tags?post=18735"}],"curies":[{"name":"wp","href":"https:\/\/api.w.org\/{rel}","templated":true}]}}