{"id":18737,"date":"2025-09-26T16:21:46","date_gmt":"2025-09-26T14:21:46","guid":{"rendered":"https:\/\/serbenidorm.daliisolutions.com\/index.php\/2025\/09\/26\/el-palau-desports-lilla-de-benidorm-acoge-el-top-fighters-2025\/"},"modified":"2025-09-26T16:21:46","modified_gmt":"2025-09-26T14:21:46","slug":"el-palau-desports-lilla-de-benidorm-acoge-el-top-fighters-2025","status":"publish","type":"post","link":"https:\/\/serbenidorm.daliisolutions.com\/index.php\/2025\/09\/26\/el-palau-desports-lilla-de-benidorm-acoge-el-top-fighters-2025\/","title":{"rendered":"El Palau d\u2019Esports l\u2019Illa de Benidorm acoge el Top Fighters 2025"},"content":{"rendered":" <p>El Palau d\u2019Esports l\u2019Illa de Benidorm ser\u00e1 ma\u00f1ana s\u00e1bado 27, el escenario del Top Fighters Benidorm 2025, un evento organizado por la Federaci\u00f3n de Kick Boxing, Muay Thai y Deportes Asociados de la Comunitat Valenciana, con la colaboraci\u00f3n de la Concejal\u00eda de Deportes.<\/p>  <p>La cita reunir\u00e1 a 243 deportistas de 31 equipos procedentes de Espa\u00f1a, Alemania, Portugal, Marruecos, Italia, Suiza y Estados Unidos, consolid\u00e1ndose como una de las competiciones de referencia en el calendario internacional.<\/p>  <p>El concejal de Deportes, Javier Jord\u00e1, junto al presidente de la federaci\u00f3n auton\u00f3mica, Eduardo Mart\u00edn Botenkoe, presentaron el torneo destacando la relevancia de los combates estelares. A partir de las 12.30 h, el p\u00fablico podr\u00e1 disfrutar del T\u00edtulo Mediterr\u00e1neo, que enfrentar\u00e1 a la valenciana \u00c1ngela Talero contra la italiana Sara Enyingi, y del T\u00edtulo Mundial, donde el tambi\u00e9n valenciano Kevi Koffi medir\u00e1 fuerzas con el h\u00fangaro Christian Carassiti.<\/p>  <p>Jord\u00e1 anim\u00f3 a vecinos y visitantes a asistir al evento y disfrutar de este \u201cemocionante deporte\u201d, recordando que la entrada ser\u00e1 libre y gratuita.<\/p> ","protected":false},"excerpt":{"rendered":"<p>Ser\u00e1 este s\u00e1bado 27 de septiembre y contar\u00e1 con m\u00e1s de 240 participantes <\/p>\n","protected":false},"author":0,"featured_media":18738,"comment_status":"","ping_status":"open","sticky":false,"template":"","format":"standard","meta":{"_acf_changed":false,"footnotes":""},"categories":[16],"tags":[],"class_list":["post-18737","post","type-post","status-publish","format-standard","has-post-thumbnail","hentry","category-deportes"],"acf":{"ser_id":"2RRPE32BANA2ZG4CVIUBABFKFQ","ser_url":"https:\/\/cadenaser.com\/comunitat-valenciana\/2025\/09\/26\/benidorm-acoge-el-top-fighters-2025-radio-benidorm\/"},"_links":{"self":[{"href":"https:\/\/serbenidorm.daliisolutions.com\/index.php\/wp-json\/wp\/v2\/posts\/18737","targetHints":{"allow":["GET"]}}],"collection":[{"href":"https:\/\/serbenidorm.daliisolutions.com\/index.php\/wp-json\/wp\/v2\/posts"}],"about":[{"href":"https:\/\/serbenidorm.daliisolutions.com\/index.php\/wp-json\/wp\/v2\/types\/post"}],"replies":[{"embeddable":true,"href":"https:\/\/serbenidorm.daliisolutions.com\/index.php\/wp-json\/wp\/v2\/comments?post=18737"}],"version-history":[{"count":0,"href":"https:\/\/serbenidorm.daliisolutions.com\/index.php\/wp-json\/wp\/v2\/posts\/18737\/revisions"}],"wp:featuredmedia":[{"embeddable":true,"href":"https:\/\/serbenidorm.daliisolutions.com\/index.php\/wp-json\/wp\/v2\/media\/18738"}],"wp:attachment":[{"href":"https:\/\/serbenidorm.daliisolutions.com\/index.php\/wp-json\/wp\/v2\/media?parent=18737"}],"wp:term":[{"taxonomy":"category","embeddable":true,"href":"https:\/\/serbenidorm.daliisolutions.com\/index.php\/wp-json\/wp\/v2\/categories?post=18737"},{"taxonomy":"post_tag","embeddable":true,"href":"https:\/\/serbenidorm.daliisolutions.com\/index.php\/wp-json\/wp\/v2\/tags?post=18737"}],"curies":[{"name":"wp","href":"https:\/\/api.w.org\/{rel}","templated":true}]}}