{"id":18750,"date":"2025-09-27T07:11:51","date_gmt":"2025-09-27T05:11:51","guid":{"rendered":"https:\/\/serbenidorm.daliisolutions.com\/index.php\/2025\/09\/27\/hector-alvarez-cuarto-en-el-mundial-de-kigali-quizas-me-precipite\/"},"modified":"2025-09-27T07:11:51","modified_gmt":"2025-09-27T05:11:51","slug":"hector-alvarez-cuarto-en-el-mundial-de-kigali-quizas-me-precipite","status":"publish","type":"post","link":"https:\/\/serbenidorm.daliisolutions.com\/index.php\/2025\/09\/27\/hector-alvarez-cuarto-en-el-mundial-de-kigali-quizas-me-precipite\/","title":{"rendered":"H\u00e9ctor \u00c1lvarez, cuarto en el Mundial de Kigali: \u201cquiz\u00e1s me precipit\u00e9\u201d"},"content":{"rendered":" <p>El alfasino H\u00e9ctor \u00c1lvarez sigue confirm\u00e1ndose como uno de los grandes referentes de la pr\u00f3xima generaci\u00f3n de ciclistas espa\u00f1oles tras la cuarta plaza conseguida en la tarde de este viernes en el Campeonato del Mundo Sub-23 disputado en Kigali (Ruanda). En su primera aparici\u00f3n en la antesala del profesionalismo total, \u00c1lvarez ha sido el gran protagonista de una prueba que \u00e9l mismo se encarg\u00f3 de romper a poco m\u00e1s de 60 kil\u00f3metros de la l\u00ednea de meta y en la que mantuvo sus opciones de podio hasta el final.<\/p>  <p>Y todo, despu\u00e9s del top10 conseguido a principios de semana en la prueba contrarreloj, completando as\u00ed no s\u00f3lo un Mundial, sino un final de temporada de ruta (ahora se concentrar\u00e1 en preparar el Campeonato del Mundo de pista de Chile) de ensue\u00f1o para el ciclista alfasino que, tras cerrar la temporada 2024 como el mejor J\u00fanior del planeta, ha irrumpido en el profesionalismo con paso m\u00e1s que firme.<\/p>  <p>Sobre una distancia de 164,6 kil\u00f3metros, el Mundial Sub-23 tuvo, en sus primeros compases, un protagonismo muy claro en la selecci\u00f3n belga. Con Jarno Widar como uno de los grandes favoritos al arco\u00edris, el combinado centroeuropeo decidi\u00f3 imponer un dur\u00edsimo ritmo desde la partida para, de esa manera, tratar de desgastar a otros combinados como el espa\u00f1ol o el italiano que, con varias bazas posibles, pod\u00edan estar interesados en una prueba mucho m\u00e1s t\u00e1ctica.<\/p>  <p>Adem\u00e1s, a Espa\u00f1a se le hab\u00edan complicado algo las cosas tras reconocer durante toda esta semana el recorrido. Tal y como reconocer\u00eda el propio H\u00e9ctor \u00c1lvarez, la dureza de las dos subidas que iban a marcar la prueba era algo superior a lo inicialmente previsto. \u201cCuando llegamos, vimos que el circuito era demasiado duro para un t\u00edo tan grande como yo\u201d, aseguraba.<\/p>  <p>Pese a todo, ni espa\u00f1oles ni transalpinos se dejaron sorprender por el tremendo ritmo impuesto por los belgas. De hecho, su aguante produjo que esa t\u00e1ctica s\u00f3lo sirviera para acabar demasiado pronto con las fuerzas de la propia selecci\u00f3n que la propuso, dejando a Widar pr\u00e1cticamente solo cuando el resto de sus rivales todav\u00eda contaban con muchos efectivos a su disposici\u00f3n.<\/p>  <p>Fue a unos 60 kil\u00f3metros de meta cuando una de esas circunstancias de carrera que muchas veces no se planifican, sino que s\u00f3lo se presentan, dej\u00f3 a \u00c1lavarez en una posici\u00f3n un tanto delicada. Un aceler\u00f3n del espa\u00f1ol pensado, aparentemente, para hacer una selecci\u00f3n m\u00e1s o menos definitiva acab\u00f3 por dejarlo solo por delante.<\/p>  <p>Casi sin darse cuenta, el de l\u2019Alf\u00e0s del Pi se encontr\u00f3 con unos 20 segundos de renta sobre un reducido grupo en el que aparecieron algunas dudas y a \u00c1lvarez no le qued\u00f3 m\u00e1s remedio que seguir adelante con su apuesta a pesar de que tanto la l\u00f3gica como la dureza del propio circuito pudieran aconsejar un enfoque algo m\u00e1s conservador.<\/p>  <p>Finalmente, y tras otro cambio de ritmo muy potente, a \u00c1lvarez se le unieron en cabeza Lorenzo Finn, Halvor Dolven, Marco Schrettl, Mateusz Gajdulewicz y Jan Huber. A tres vueltas para el final Dolven fue el primero en ceder mientras que el resto de integrantes de esa fuga iban estudi\u00e1ndose en busca de las fortalezas y debilidades de cada cual.<\/p>  <p>A dos vueltas para el final, Finn lanz\u00f3 su apuesta y s\u00f3lo Huber fue capaz de seguir su rueda mientras que H\u00e9ctor \u00c1lvarez evidenci\u00f3 el desgaste de sus ataques anteriores, teniendo que ceder terreno y centr\u00e1ndose ya en tratar de no perder la pelea por las medallas.<\/p>  <p>\u00c1lvarez y Schrettl fueron, ya en el \u00faltimo giro, los dos protagonistas de la batalla m\u00e1s \u00e9pica de la prueba. Mientras que Finn, por delante, entraba en solitario en meta y Huber celebraba la plata, \u00c1lvarez se vaciaba por tratar de seguir enganchado a la rueda del que, finalmente, se colgar\u00eda el bronce.<\/p>  <p>Tras rubricar esa cuarta posici\u00f3n, \u00c1lvarez explicaba que \u201cven\u00edamos con muchas ganas de poder hacer medalla\u201d e insist\u00eda en que, pese a esa dureza m\u00e1s acentuada de lo inicialmente esperado, \u201cvinimos a jugar y, como siempre hacemos con la Selecci\u00f3n, a ganar\u201d. <\/p>  <p>En relaci\u00f3n a ese lejano ataque conced\u00eda que \u201cquiz\u00e1s me he precipitado un poco al marcharme por delante, pero nunca sabes. A toro pasado todo se ve m\u00e1s f\u00e1cil. Me entraron los mejores por detr\u00e1s y me qued\u00e9 cerca de las medallas. Tengo que estar contento y agradecido al equipo, que ha confiado en m\u00ed cuando iba por delante\u201d.<\/p> ","protected":false},"excerpt":{"rendered":"<p>El corredor de l\u2019Alf\u00e0s del Pi roza la medalla en una actuaci\u00f3n sobresaliente en su primer intento sobre el arco\u00edris Sub-23<\/p>\n","protected":false},"author":0,"featured_media":18751,"comment_status":"","ping_status":"open","sticky":false,"template":"","format":"standard","meta":{"_acf_changed":false,"footnotes":""},"categories":[16],"tags":[],"class_list":["post-18750","post","type-post","status-publish","format-standard","has-post-thumbnail","hentry","category-deportes"],"acf":{"ser_id":"BHFHEU36OVGRLEUB5H4SFUKMNU","ser_url":"https:\/\/cadenaser.com\/comunitat-valenciana\/2025\/09\/26\/hector-alvarez-cuarto-en-el-mundial-de-kigali-quizas-me-precipite-radio-benidorm\/"},"_links":{"self":[{"href":"https:\/\/serbenidorm.daliisolutions.com\/index.php\/wp-json\/wp\/v2\/posts\/18750","targetHints":{"allow":["GET"]}}],"collection":[{"href":"https:\/\/serbenidorm.daliisolutions.com\/index.php\/wp-json\/wp\/v2\/posts"}],"about":[{"href":"https:\/\/serbenidorm.daliisolutions.com\/index.php\/wp-json\/wp\/v2\/types\/post"}],"replies":[{"embeddable":true,"href":"https:\/\/serbenidorm.daliisolutions.com\/index.php\/wp-json\/wp\/v2\/comments?post=18750"}],"version-history":[{"count":0,"href":"https:\/\/serbenidorm.daliisolutions.com\/index.php\/wp-json\/wp\/v2\/posts\/18750\/revisions"}],"wp:featuredmedia":[{"embeddable":true,"href":"https:\/\/serbenidorm.daliisolutions.com\/index.php\/wp-json\/wp\/v2\/media\/18751"}],"wp:attachment":[{"href":"https:\/\/serbenidorm.daliisolutions.com\/index.php\/wp-json\/wp\/v2\/media?parent=18750"}],"wp:term":[{"taxonomy":"category","embeddable":true,"href":"https:\/\/serbenidorm.daliisolutions.com\/index.php\/wp-json\/wp\/v2\/categories?post=18750"},{"taxonomy":"post_tag","embeddable":true,"href":"https:\/\/serbenidorm.daliisolutions.com\/index.php\/wp-json\/wp\/v2\/tags?post=18750"}],"curies":[{"name":"wp","href":"https:\/\/api.w.org\/{rel}","templated":true}]}}