{"id":18759,"date":"2025-09-27T15:38:05","date_gmt":"2025-09-27T13:38:05","guid":{"rendered":"https:\/\/serbenidorm.daliisolutions.com\/index.php\/2025\/09\/27\/un-plano-de-benidorm-para-crear-sentimiento-de-pertenencia\/"},"modified":"2025-09-27T15:38:05","modified_gmt":"2025-09-27T13:38:05","slug":"un-plano-de-benidorm-para-crear-sentimiento-de-pertenencia","status":"publish","type":"post","link":"https:\/\/serbenidorm.daliisolutions.com\/index.php\/2025\/09\/27\/un-plano-de-benidorm-para-crear-sentimiento-de-pertenencia\/","title":{"rendered":"Un plano de Benidorm para crear \u00absentimiento de pertenencia\u00bb"},"content":{"rendered":" <p>Es un plano de Benidorm y se reparte este s\u00e1bado, coincidiendo con el D\u00eda Mundial del Turismo, en los puntos de informaci\u00f3n, pero no es un recurso m\u00e1s. Se trata de una ilustraci\u00f3n de Arly Jones para crear, como ha destacado en <a href=\"https:\/\/cadenaser.com\/tag\/benidorm\/a\/\" target=\"_blank\" rel=\"nofollow\" title=\"https:\/\/cadenaser.com\/tag\/benidorm\/a\/\">A Vivir Benidorm<\/a> el propio artista, \u00absentimiento de pertenencia\u00bb. <\/p>  <p>Es un documento gr\u00e1fico con valor informativo, art\u00edstico y pedag\u00f3gico sobre la zona centro de Benidorm, la almendra comprendida entre las avenidas Jaime I y Alfonso Puchades y las tres playas -Levante, Mal Pas y Poniente-. Sobre este espacio urbano, en el anverso del documento, se han situado hasta 30 puntos de inter\u00e9s que van desde recursos culturales y patrimoniales, a espacios y servicios p\u00fablicos, elementos singulares o zonas verdes. <\/p>  <p>Jones ha explicado que \u00abeste plano no s\u00f3lo cumple una labor informativa y de gu\u00eda para el turista\u00bb, sino que \u00abse ha hecho con la intenci\u00f3n de que forme parte de de una memoria gr\u00e1fica de la ciudad de Benidorm, creando un objeto tambi\u00e9n bello que puede ser enmarcado y con el que la sociedad, la ciudadan\u00eda, se puede identificar\u00bb.<\/p>  <p>Durante la presentaci\u00f3n el alcalde de la capital tur\u00edstica, Toni P\u00e9rez, destacaba que \u00able contaremos al mundo qui\u00e9nes eran Tom\u00e1s y Emilio Ortu\u00f1o y por qu\u00e9 tienen una calle en Benidorm, a qu\u00e9 deben su nombre dos plazas tan conocidas como El Torrej\u00f3 o La Creu\u00bb.<\/p>  <p>Un plano con el que descubrir c\u00f3mo se conoc\u00eda antiguamente a las playas de Levante y Poniente; qu\u00e9 objeto hay sumergido en la fuente del Parque de Elche o la leyenda popular que acompa\u00f1a a las dos rocas m\u00e1s ic\u00f3nicas que rodean El Castell, \u2018El gos i la tortuga\u2019.<\/p> ","protected":false},"excerpt":{"rendered":"<p>Este s\u00e1bado, coincidiendo con el D\u00eda del Turismo, se reparten 1.500 ejemplares del plano ilustrado del artista Arly Jones<\/p>\n","protected":false},"author":0,"featured_media":18760,"comment_status":"","ping_status":"open","sticky":false,"template":"","format":"standard","meta":{"_acf_changed":false,"footnotes":""},"categories":[1],"tags":[],"class_list":["post-18759","post","type-post","status-publish","format-standard","has-post-thumbnail","hentry","category-sin-categoria"],"acf":{"ser_id":"UMXG4QH2IVFJZKDDIJJMDVRRL4","ser_url":"https:\/\/cadenaser.com\/comunitat-valenciana\/2025\/09\/27\/un-plano-de-benidorm-para-crear-sentimiento-de-pertenencia-radio-benidorm\/"},"_links":{"self":[{"href":"https:\/\/serbenidorm.daliisolutions.com\/index.php\/wp-json\/wp\/v2\/posts\/18759","targetHints":{"allow":["GET"]}}],"collection":[{"href":"https:\/\/serbenidorm.daliisolutions.com\/index.php\/wp-json\/wp\/v2\/posts"}],"about":[{"href":"https:\/\/serbenidorm.daliisolutions.com\/index.php\/wp-json\/wp\/v2\/types\/post"}],"replies":[{"embeddable":true,"href":"https:\/\/serbenidorm.daliisolutions.com\/index.php\/wp-json\/wp\/v2\/comments?post=18759"}],"version-history":[{"count":0,"href":"https:\/\/serbenidorm.daliisolutions.com\/index.php\/wp-json\/wp\/v2\/posts\/18759\/revisions"}],"wp:featuredmedia":[{"embeddable":true,"href":"https:\/\/serbenidorm.daliisolutions.com\/index.php\/wp-json\/wp\/v2\/media\/18760"}],"wp:attachment":[{"href":"https:\/\/serbenidorm.daliisolutions.com\/index.php\/wp-json\/wp\/v2\/media?parent=18759"}],"wp:term":[{"taxonomy":"category","embeddable":true,"href":"https:\/\/serbenidorm.daliisolutions.com\/index.php\/wp-json\/wp\/v2\/categories?post=18759"},{"taxonomy":"post_tag","embeddable":true,"href":"https:\/\/serbenidorm.daliisolutions.com\/index.php\/wp-json\/wp\/v2\/tags?post=18759"}],"curies":[{"name":"wp","href":"https:\/\/api.w.org\/{rel}","templated":true}]}}