{"id":18781,"date":"2025-09-29T12:04:13","date_gmt":"2025-09-29T10:04:13","guid":{"rendered":"https:\/\/serbenidorm.daliisolutions.com\/index.php\/2025\/09\/29\/asi-funciona-el-bono-consumo-de-finestrat-que-empieza-este-miercoles\/"},"modified":"2025-09-29T12:04:13","modified_gmt":"2025-09-29T10:04:13","slug":"asi-funciona-el-bono-consumo-de-finestrat-que-empieza-este-miercoles","status":"publish","type":"post","link":"https:\/\/serbenidorm.daliisolutions.com\/index.php\/2025\/09\/29\/asi-funciona-el-bono-consumo-de-finestrat-que-empieza-este-miercoles\/","title":{"rendered":"As\u00ed funciona el bono consumo de Finestrat que empieza este mi\u00e9rcoles"},"content":{"rendered":" <p>El Ayuntamiento de Finestrat activa un a\u00f1o m\u00e1s la campa\u00f1a de bono consumo. Desde el mi\u00e9rcoles 1 de octubre hasta el 30 de noviembre los empadronados mayores de 18 a\u00f1os podr\u00e1n adquirir a mitad de precio bonos de 10, 20 y 50 euros. <b> <\/b>La plataforma es <a href=\"http:\/\/finestrat.bonoconsumo.es\/\" target=\"_blank\" rel=\"nofollow\"><u>http:\/\/finestrat.bonoconsumo.es\/<\/u><\/a><u>.<\/u><\/p>  <p>Se trata de una una campa\u00f1a dirigida a dinamizar el consumo local y permite a la ciudadan\u00eda comprar y consumir a mitad de precio. La iniciativa est\u00e1 sufragada al completo por el consistorio con una partida presupuestaria de 100.000 \u20ac.<\/p>  <p>Entre las actividades que participan hay restauraci\u00f3n, moda, calzado, hogar, muebles, decoraci\u00f3n, bienestar animal, \u00f3pticas, talleres mec\u00e1nicos, ocio, entre otros. Las empresas peque\u00f1as y medianas se podr\u00e1n adherir mientras dure la campa\u00f1a. <\/p>  <p>La din\u00e1mica es la misma de anteriores convocatorias: los consumidores adquieren los bonos de 10, 20 y 50 \u20ac, abonando la mitad de su valor (5, 10 \u00f3 25 \u20ac respectivamente). <\/p>  <p>El l\u00edmite m\u00e1ximo de bonos por persona es 200\u20ac: el ciudadano\/a abona 100\u20ac y los otros 100\u20ac son de subvenci\u00f3n directa del Ayuntamiento. <\/p>  <p>Se podr\u00e1 utilizar m\u00e1s de un bono en una misma compra o gasto siempre que pertenezcan al mismo consumidor\/beneficiario. Cada bono ha de utilizarse por su importe total en una sola vez. <\/p>  <p>La utilizaci\u00f3n de los bonos es compatible con cualquier tipo de descuento, oferta o rebaja disponible en el establecimiento para el producto que se desea adquirir como \u201cBlack Friday\u201d. <\/p> ","protected":false},"excerpt":{"rendered":"<p>Para compras en el comercio local<\/p>\n","protected":false},"author":0,"featured_media":18782,"comment_status":"","ping_status":"open","sticky":false,"template":"","format":"standard","meta":{"_acf_changed":false,"footnotes":""},"categories":[1],"tags":[],"class_list":["post-18781","post","type-post","status-publish","format-standard","has-post-thumbnail","hentry","category-sin-categoria"],"acf":{"ser_id":"EH2YTP5J6ZAM3H7MQ2TLTZOTME","ser_url":"https:\/\/cadenaser.com\/comunitat-valenciana\/2025\/09\/29\/asi-funciona-el-bono-consumo-de-finestrat-que-empieza-este-miercoles-radio-benidorm\/"},"_links":{"self":[{"href":"https:\/\/serbenidorm.daliisolutions.com\/index.php\/wp-json\/wp\/v2\/posts\/18781","targetHints":{"allow":["GET"]}}],"collection":[{"href":"https:\/\/serbenidorm.daliisolutions.com\/index.php\/wp-json\/wp\/v2\/posts"}],"about":[{"href":"https:\/\/serbenidorm.daliisolutions.com\/index.php\/wp-json\/wp\/v2\/types\/post"}],"replies":[{"embeddable":true,"href":"https:\/\/serbenidorm.daliisolutions.com\/index.php\/wp-json\/wp\/v2\/comments?post=18781"}],"version-history":[{"count":0,"href":"https:\/\/serbenidorm.daliisolutions.com\/index.php\/wp-json\/wp\/v2\/posts\/18781\/revisions"}],"wp:featuredmedia":[{"embeddable":true,"href":"https:\/\/serbenidorm.daliisolutions.com\/index.php\/wp-json\/wp\/v2\/media\/18782"}],"wp:attachment":[{"href":"https:\/\/serbenidorm.daliisolutions.com\/index.php\/wp-json\/wp\/v2\/media?parent=18781"}],"wp:term":[{"taxonomy":"category","embeddable":true,"href":"https:\/\/serbenidorm.daliisolutions.com\/index.php\/wp-json\/wp\/v2\/categories?post=18781"},{"taxonomy":"post_tag","embeddable":true,"href":"https:\/\/serbenidorm.daliisolutions.com\/index.php\/wp-json\/wp\/v2\/tags?post=18781"}],"curies":[{"name":"wp","href":"https:\/\/api.w.org\/{rel}","templated":true}]}}