{"id":18785,"date":"2025-09-29T13:00:18","date_gmt":"2025-09-29T11:00:18","guid":{"rendered":"https:\/\/serbenidorm.daliisolutions.com\/index.php\/2025\/09\/29\/el-huesitos-la-vila-cae-en-su-estreno-liguero-ante-el-ordizia\/"},"modified":"2025-09-29T13:00:18","modified_gmt":"2025-09-29T11:00:18","slug":"el-huesitos-la-vila-cae-en-su-estreno-liguero-ante-el-ordizia","status":"publish","type":"post","link":"https:\/\/serbenidorm.daliisolutions.com\/index.php\/2025\/09\/29\/el-huesitos-la-vila-cae-en-su-estreno-liguero-ante-el-ordizia\/","title":{"rendered":"El Huesitos &#8211; La Vila cae en su estreno liguero ante el Ordizia"},"content":{"rendered":" <p>El Huesitos &#8211; La Vila Rugby arranc\u00f3 la temporada con una derrota ante el Ordizia por 27-16, en un encuentro disputado el pasado 28 de septiembre que, pese al resultado, dej\u00f3 una imagen muy positiva del conjunto vilero. El equipo entrenado por Falu se mantuvo en partido hasta los minutos finales y ofreci\u00f3 una actuaci\u00f3n cargada de ambici\u00f3n y actitud.<\/p>  <p>El choque comenz\u00f3 cuesta arriba para los vileros, que cometieron errores en los primeros compases, aunque supieron rehacerse para no permitir que su rival se distanciara en el marcador. Al descanso, el resultado reflejaba un ajustado 13-9, lo que manten\u00eda vivas las esperanzas de dar la sorpresa en un campo complicado.<\/p>  <p>En la segunda parte, el Huesitos apret\u00f3 a\u00fan m\u00e1s y logr\u00f3 un ensayo de Lucas \u201cPocho\u201d que reabri\u00f3 el partido y dej\u00f3 todo por decidir. La intensidad de los vileros se mantuvo hasta el final, e incluso estuvieron cerca de sumar otro ensayo que les habr\u00eda permitido rascar un punto bonus, aunque el conjunto local supo defender su ventaja con solidez.<\/p>  <p>Pese a la derrota, el balance fue optimista para los alicantinos, que mostraron una versi\u00f3n muy mejorada respecto a campa\u00f1as anteriores. La pr\u00f3xima cita ser\u00e1 este domingo en el Estadio El Pantano, donde La Vila recibir\u00e1 al Barcelona en el que ser\u00e1 su estreno en casa esta temporada.<\/p> ","protected":false},"excerpt":{"rendered":"<p>El equipo de Falu perdi\u00f3 27-16 en el debut liguero, aunque mostr\u00f3 un juego competitivo y esperanzador<\/p>\n","protected":false},"author":0,"featured_media":18786,"comment_status":"","ping_status":"open","sticky":false,"template":"","format":"standard","meta":{"_acf_changed":false,"footnotes":""},"categories":[16],"tags":[],"class_list":["post-18785","post","type-post","status-publish","format-standard","has-post-thumbnail","hentry","category-deportes"],"acf":{"ser_id":"WTAYHXIWOVG7DLLX3PZQZZWZBA","ser_url":"https:\/\/cadenaser.com\/comunitat-valenciana\/2025\/09\/29\/el-huesitos-la-vila-cae-en-su-estreno-liguero-ante-el-ordizia-radio-benidorm\/"},"_links":{"self":[{"href":"https:\/\/serbenidorm.daliisolutions.com\/index.php\/wp-json\/wp\/v2\/posts\/18785","targetHints":{"allow":["GET"]}}],"collection":[{"href":"https:\/\/serbenidorm.daliisolutions.com\/index.php\/wp-json\/wp\/v2\/posts"}],"about":[{"href":"https:\/\/serbenidorm.daliisolutions.com\/index.php\/wp-json\/wp\/v2\/types\/post"}],"replies":[{"embeddable":true,"href":"https:\/\/serbenidorm.daliisolutions.com\/index.php\/wp-json\/wp\/v2\/comments?post=18785"}],"version-history":[{"count":0,"href":"https:\/\/serbenidorm.daliisolutions.com\/index.php\/wp-json\/wp\/v2\/posts\/18785\/revisions"}],"wp:featuredmedia":[{"embeddable":true,"href":"https:\/\/serbenidorm.daliisolutions.com\/index.php\/wp-json\/wp\/v2\/media\/18786"}],"wp:attachment":[{"href":"https:\/\/serbenidorm.daliisolutions.com\/index.php\/wp-json\/wp\/v2\/media?parent=18785"}],"wp:term":[{"taxonomy":"category","embeddable":true,"href":"https:\/\/serbenidorm.daliisolutions.com\/index.php\/wp-json\/wp\/v2\/categories?post=18785"},{"taxonomy":"post_tag","embeddable":true,"href":"https:\/\/serbenidorm.daliisolutions.com\/index.php\/wp-json\/wp\/v2\/tags?post=18785"}],"curies":[{"name":"wp","href":"https:\/\/api.w.org\/{rel}","templated":true}]}}