{"id":18787,"date":"2025-09-29T13:10:37","date_gmt":"2025-09-29T11:10:37","guid":{"rendered":"https:\/\/serbenidorm.daliisolutions.com\/index.php\/2025\/09\/29\/la-nucia-se-impone-a-la-vall-de-uxo-con-un-gol-de-mazzocchi\/"},"modified":"2025-09-29T13:10:37","modified_gmt":"2025-09-29T11:10:37","slug":"la-nucia-se-impone-a-la-vall-de-uxo-con-un-gol-de-mazzocchi","status":"publish","type":"post","link":"https:\/\/serbenidorm.daliisolutions.com\/index.php\/2025\/09\/29\/la-nucia-se-impone-a-la-vall-de-uxo-con-un-gol-de-mazzocchi\/","title":{"rendered":"La Nuc\u00eda se impone a la Vall de Ux\u00f3 con un gol de Mazzocchi"},"content":{"rendered":" <p>El C.F. La Nuc\u00eda consigui\u00f3 este domingo una valiosa victoria fuera de casa al derrotar por 0-1 a la U.D. Vall de Ux\u00f3 en el Estadio Municipal Jos\u00e9 Mangri\u00f1\u00e1n. El encuentro, correspondiente a la cuarta jornada de liga, se disput\u00f3 a las 17.00 h y estuvo marcado por la igualdad y la intensidad en el juego.<\/p>  <p>El \u00fanico tanto del partido lleg\u00f3 en el minuto 47, obra de Juan Manuel Mazzocchi, que aprovech\u00f3 una acci\u00f3n ofensiva para batir al guardameta local y poner en ventaja a los nucieros. Ese gol result\u00f3 determinante en un choque donde las defensas se impusieron en gran parte del tiempo.<\/p>  <p>El encuentro no estuvo exento de tensi\u00f3n, con varias tarjetas amarillas y una expulsi\u00f3n en los minutos finales que condicionaron a los locales. La Vall de Ux\u00f3 intent\u00f3 reaccionar, pero se top\u00f3 con un rival s\u00f3lido en defensa que supo mantener la ventaja hasta el pitido final.<\/p>  <p>Con este triunfo, La Nuc\u00eda suma tres puntos importantes que refuerzan su arranque liguero y le permiten mirar con optimismo las pr\u00f3ximas jornadas. El equipo dirigido por Berna Ballester afronta ahora la siguiente cita con la moral alta y el objetivo de dar continuidad a esta buena din\u00e1mica.<\/p> ","protected":false},"excerpt":{"rendered":"<p>El conjunto rojillo logr\u00f3 la victoria a domicilio gracias a un tanto en el arranque de la segunda parte<\/p>\n","protected":false},"author":0,"featured_media":18788,"comment_status":"","ping_status":"open","sticky":false,"template":"","format":"standard","meta":{"_acf_changed":false,"footnotes":""},"categories":[16],"tags":[],"class_list":["post-18787","post","type-post","status-publish","format-standard","has-post-thumbnail","hentry","category-deportes"],"acf":{"ser_id":"V2MUEGXLIRB25HVNDBCOAW2YLU","ser_url":"https:\/\/cadenaser.com\/comunitat-valenciana\/2025\/09\/29\/la-nucia-se-impone-a-la-vall-de-uxo-con-un-gol-de-mazzocchi-radio-benidorm\/"},"_links":{"self":[{"href":"https:\/\/serbenidorm.daliisolutions.com\/index.php\/wp-json\/wp\/v2\/posts\/18787","targetHints":{"allow":["GET"]}}],"collection":[{"href":"https:\/\/serbenidorm.daliisolutions.com\/index.php\/wp-json\/wp\/v2\/posts"}],"about":[{"href":"https:\/\/serbenidorm.daliisolutions.com\/index.php\/wp-json\/wp\/v2\/types\/post"}],"replies":[{"embeddable":true,"href":"https:\/\/serbenidorm.daliisolutions.com\/index.php\/wp-json\/wp\/v2\/comments?post=18787"}],"version-history":[{"count":0,"href":"https:\/\/serbenidorm.daliisolutions.com\/index.php\/wp-json\/wp\/v2\/posts\/18787\/revisions"}],"wp:featuredmedia":[{"embeddable":true,"href":"https:\/\/serbenidorm.daliisolutions.com\/index.php\/wp-json\/wp\/v2\/media\/18788"}],"wp:attachment":[{"href":"https:\/\/serbenidorm.daliisolutions.com\/index.php\/wp-json\/wp\/v2\/media?parent=18787"}],"wp:term":[{"taxonomy":"category","embeddable":true,"href":"https:\/\/serbenidorm.daliisolutions.com\/index.php\/wp-json\/wp\/v2\/categories?post=18787"},{"taxonomy":"post_tag","embeddable":true,"href":"https:\/\/serbenidorm.daliisolutions.com\/index.php\/wp-json\/wp\/v2\/tags?post=18787"}],"curies":[{"name":"wp","href":"https:\/\/api.w.org\/{rel}","templated":true}]}}