{"id":1888,"date":"2024-01-31T10:44:15","date_gmt":"2024-01-31T09:44:15","guid":{"rendered":"https:\/\/serbenidorm.daliisolutions.com\/index.php\/2024\/01\/31\/nebulossa-angy-sofia-coll-y-miss-caffeina-se-convierten-en-finalistas-del-benidorm-fest-2024-asi-ha-sido-la-primera-semifinal\/"},"modified":"2024-01-31T10:44:15","modified_gmt":"2024-01-31T09:44:15","slug":"nebulossa-angy-sofia-coll-y-miss-caffeina-se-convierten-en-finalistas-del-benidorm-fest-2024-asi-ha-sido-la-primera-semifinal","status":"publish","type":"post","link":"https:\/\/serbenidorm.daliisolutions.com\/index.php\/2024\/01\/31\/nebulossa-angy-sofia-coll-y-miss-caffeina-se-convierten-en-finalistas-del-benidorm-fest-2024-asi-ha-sido-la-primera-semifinal\/","title":{"rendered":"Nebulossa, Angy, Sof\u00eda Coll y Miss Caffeina se convierten en finalistas del Benidorm Fest 2024: as\u00ed ha sido la primera semifinal"},"content":{"rendered":"  <p>Palau d&#8217;Esports L&#8217;Illa de Benidorm<\/p>   <p>Ya estamos cada vez m\u00e1s cerca de conocer qui\u00e9n suceder\u00e1 a Blanca Paloma con su &#8216;Eaea&#8217; y viajar\u00e1 hasta Malm\u00f6 (Suecia) para representar a Espa\u00f1a en Eurovisi\u00f3n.<\/p>   <p><p>M\u00e1s informaci\u00f3n<\/p><ul><li><a href=\"https:\/\/cadenaser.com\/comunitat-valenciana\/2024\/01\/30\/como-se-decide-el-ganador-del-benidorm-fest-2024-asi-funciona-el-sistema-de-votacion-para-elegir-al-representante-espanol-de-eurovision-radio-benidorm\/\">\u00bfC\u00f3mo se decide el ganador del Benidorm Fest 2024? As\u00ed funciona el sistema de votaci\u00f3n para elegir al representante espa\u00f1ol de Eurovisi\u00f3n<\/a><\/li><li><a href=\"https:\/\/cadenaser.com\/comunitat-valenciana\/2024\/01\/30\/asi-suenan-las-16-canciones-del-benidorm-fest-2024-cual-de-ellas-representara-a-espana-en-eurovision-radio-benidorm\/\">As\u00ed suenan las 16 canciones del Benidorm Fest 2024: \u00bfcu\u00e1l de ellas representar\u00e1 a Espa\u00f1a en Eurovisi\u00f3n?<\/a><\/li><\/ul><\/p>   <p>Nebulossa, Angy, Sof\u00eda Coll y Miss Caffeina ya son oficialmente finalistas del Benidorm Fest 2024. La primera semifinal, celebrada este martes en el Palau d&#8217;Esports L&#8217;Illa de Benidorm, ha eliminado como concursantes a Mantra, Noan, L\u00e9rica y Quique Niza.<\/p>   <p>Con mayor puntuaci\u00f3n ha quedado el d\u00fao alicantino Nebulossa, con 149 puntos. Le sigue Angy, con 137. Y finalmente, Sof\u00eda Coll y Miss Caffeina han conseguido colarse en el ranking de finalistas con 116 y 105 puntos respectivamente.<\/p>   <p>As\u00ed han sido las actuaciones de la primera semifinal<\/p>   <p>La primera gala del Benidorm Fest ha sido abierta por <a href=\"https:\/\/cadenaser.com\/comunitat-valenciana\/2024\/01\/30\/asi-suena-astronauta-la-cancion-de-lerica-en-el-benidorm-fest-2024-letra-explicacion-y-que-dicen-las-apuestas-radio-benidorm\/\" target=\"_blank\" rel=\"noopener\">L\u00e9rica<\/a>. Juan Carlos y Tony han realizado una actuaci\u00f3n estelar viajando por el espacio con una nave como elemento escenogr\u00e1fico. Sin duda, L\u00e9rica ha sorprendido con un show que ha mejorado con la realizaci\u00f3n y con unos recursos audiovisuales que les han dotado de una magia totalmente eurovisiva.<\/p>   <p><\/p>   <p><\/p>   <p>Se rumoreaba que ser\u00eda el &#8216;dark horse&#8217; de la edici\u00f3n y as\u00ed ha sido. <a href=\"https:\/\/cadenaser.com\/comunitat-valenciana\/2024\/01\/30\/asi-suena-te-echo-de-la-cancion-de-noan-en-el-benidorm-fest-2024-letra-explicacion-y-que-dicen-las-apuestas-radio-benidorm\/\" target=\"_blank\" rel=\"noopener\">Noan<\/a> ha conseguido arrancar el aplauso de todos los presentes con una canci\u00f3n intensa y rom\u00e1ntica, que en un principio podr\u00eda parecer poco eurovisiva, pero con su voz totalmente rota ha sabido adaptarla al terreno del Benidorm Fest. El joven nos ha llevado de la mano en un viaje que comenzaba en su habitaci\u00f3n recreando y haciendo revivir al p\u00fablico el sentimiento adolescente.<\/p>   <p><\/p>   <p><\/p>   <p><a href=\"https:\/\/cadenaser.com\/comunitat-valenciana\/2024\/01\/30\/asi-es-here-to-stay-la-cancion-de-sofia-coll-en-el-benidorm-fest-2024-letra-explicacion-y-que-dicen-las-apuestas-radio-benidorm\/\" target=\"_blank\" rel=\"noopener\">Sof\u00eda Coll<\/a> se plantaba como una de las grandes favoritas y as\u00ed lo ha demostrado con una puesta en escena totalmente rompedora y con un &#8216;dance break&#8217; que sorprend\u00eda al p\u00fablico al romper la continuidad de su canci\u00f3n y llevando a Benidorm una alta torre rosa con escalera de caracol que rellenaba el centro del escenario.<\/p>   <p>\u00abSolo ve\u00eda la pantalla, que ve\u00eda mi nombre subir y bajar. Estoy muy agradecida, estar aqu\u00ed es un sue\u00f1o, es lo m\u00e1s grande que he hecho. Es fuerte ver lo que uno puede conseguir\u00bb, ha asegurado, tras la gala. <\/p>   <p><\/p>   <p><\/p>   <p>Hasta la primera semifinal ha llegado el camino de <a href=\"https:\/\/cadenaser.com\/comunitat-valenciana\/2024\/01\/30\/asi-suena-me-vas-a-ver-la-cancion-de-mantra-en-el-benidorm-fest-2024-letra-explicacion-y-que-dicen-las-apuestas-radio-benidorm\/\" target=\"_blank\" rel=\"noopener\">Mantra<\/a> en el Benidorm Fest. El tr\u00edo compuesto por Paula, Carlos y Charly ha puesto en pie una de las canciones &#8216;chicle&#8217; que m\u00e1s han sonado, con una escenograf\u00eda b\u00e1sica compuesta por un andamio de dos plantas y con el uso de los t\u00faneles laterales, tal y como ha hecho L\u00e9rica.<\/p>   <p><\/p>   <p><\/p>   <p>Otra de las bandas reconocidas de la industria y presente en Benidorm es <a href=\"https:\/\/cadenaser.com\/comunitat-valenciana\/2024\/01\/30\/asi-es-bla-bla-bla-la-cancion-de-miss-caffeina-en-el-benidorm-fest-2024-letra-explicacion-y-que-dicen-las-apuestas-radio-benidorm\/\" target=\"_blank\" rel=\"noopener\">Miss Caffeina<\/a>, que sorprend\u00edan a la prensa en su ensayo y tambi\u00e9n al p\u00fablico de la primera semifinal con una capacidad vocal perfecta por parte de Alberto y con una escenograf\u00eda que transmite a la perfecci\u00f3n el mensaje de &#8216;Bla bla bla&#8217;, su tema para el Benidorm Fest.<\/p>   <p>\u00abNo nos ha dado tiempo de bajar a la tierra, vamos a disfrutar la noche. Hemos vivido muchas experiencias en la m\u00fasica, tenemos suerte de poder poner en escena esta propuesta y nos sentimos entre contentos y orgullosos\u00bb, han asegurado en la rueda de prensa posterior a la semifinal. <\/p>   <p><\/p>   <p><\/p>   <p>El actor y cantante <a href=\"https:\/\/cadenaser.com\/comunitat-valenciana\/2024\/01\/30\/asi-suena-prisionero-la-cancion-de-quique-niza-en-el-benidorm-fest-2024-letra-explicacion-y-que-dicen-las-apuestas-radio-benidorm\/\" target=\"_blank\" rel=\"noopener\">Quique Niza<\/a> ha apostado con una puesta en escena arriesgada, que no le ha servido para colarse en la final: un piano al m\u00e1s puro estilo Pablo L\u00f3pez con una base vac\u00eda al centro para ser levantada por el aire en medio de su show.<\/p>   <p><\/p>   <p><\/p>   <p><a href=\"https:\/\/cadenaser.com\/comunitat-valenciana\/2024\/01\/30\/asi-es-se-quien-soy-la-cancion-de-angy-fernandez-en-el-benidorm-fest-2024-letra-explicacion-y-que-dicen-las-apuestas-radio-benidorm\/\" target=\"_blank\" rel=\"noopener\">Angy Fern\u00e1ndez<\/a> ha logrado un merecid\u00edsimo puesto en la final del Benidorm Fest, siendo la favorita de la prensa en los ensayos previos a la gala y dejando con la boca abierta al p\u00fablico con una escenograf\u00eda perfecta y una voz en directo totalmente arrolladora al m\u00e1s puro estilo Angy. A pesar de ser una de las mejores valoradas en los d\u00edas previos al festival, ha logrado consolidar su posici\u00f3n con todo lo que ha trabajado para lucirse en Benidorm.<\/p>   <p><\/p>   <p><\/p>   <p>La primera semifinal la ha cerrado el d\u00fao que ha creado un aut\u00e9ntico fen\u00f3meno social en Espa\u00f1a y Latinoam\u00e9rica con &#8216;Zorra&#8217;: <a href=\"https:\/\/cadenaser.com\/comunitat-valenciana\/2024\/01\/30\/asi-es-zorra-la-cancion-de-nebulossa-en-el-benidorm-fest-2024-letra-explicacion-y-que-dicen-las-apuestas-radio-benidorm\/\" target=\"_blank\" rel=\"noopener\">Nebulossa<\/a>. Mery Bas y Mark Dasousa han representado su esencia sobre el escenario del Palau con una escenograf\u00eda que representaba un cl\u00e1sico cabaret y con la artista sacando su lado m\u00e1s &#8216;zorro&#8217; con una coreograf\u00eda de lo m\u00e1s b\u00e1sica.<\/p>   <p><\/p>   <p><\/p> ","protected":false},"excerpt":{"rendered":"<p>La segunda semifinal se celebrar\u00e1 el pr\u00f3ximo jueves 1 de febrero y solo cuatro pasar\u00e1n a la \u00faltima gala<\/p>\n","protected":false},"author":0,"featured_media":1889,"comment_status":"open","ping_status":"open","sticky":false,"template":"","format":"standard","meta":{"_acf_changed":false,"footnotes":""},"categories":[1],"tags":[],"class_list":["post-1888","post","type-post","status-publish","format-standard","has-post-thumbnail","hentry","category-sin-categoria"],"acf":{"ser_id":"HH73K77LQVGS7LBQXWBRJLN7Q4","ser_url":"https:\/\/cadenaser.com\/nacional\/2024\/01\/30\/nebulossa-angy-sofia-coll-y-miss-caffeina-se-convierten-en-finalistas-del-benidorm-fest-2024-asi-ha-sido-la-primera-semifinal-cadena-ser\/"},"_links":{"self":[{"href":"https:\/\/serbenidorm.daliisolutions.com\/index.php\/wp-json\/wp\/v2\/posts\/1888","targetHints":{"allow":["GET"]}}],"collection":[{"href":"https:\/\/serbenidorm.daliisolutions.com\/index.php\/wp-json\/wp\/v2\/posts"}],"about":[{"href":"https:\/\/serbenidorm.daliisolutions.com\/index.php\/wp-json\/wp\/v2\/types\/post"}],"replies":[{"embeddable":true,"href":"https:\/\/serbenidorm.daliisolutions.com\/index.php\/wp-json\/wp\/v2\/comments?post=1888"}],"version-history":[{"count":0,"href":"https:\/\/serbenidorm.daliisolutions.com\/index.php\/wp-json\/wp\/v2\/posts\/1888\/revisions"}],"wp:featuredmedia":[{"embeddable":true,"href":"https:\/\/serbenidorm.daliisolutions.com\/index.php\/wp-json\/wp\/v2\/media\/1889"}],"wp:attachment":[{"href":"https:\/\/serbenidorm.daliisolutions.com\/index.php\/wp-json\/wp\/v2\/media?parent=1888"}],"wp:term":[{"taxonomy":"category","embeddable":true,"href":"https:\/\/serbenidorm.daliisolutions.com\/index.php\/wp-json\/wp\/v2\/categories?post=1888"},{"taxonomy":"post_tag","embeddable":true,"href":"https:\/\/serbenidorm.daliisolutions.com\/index.php\/wp-json\/wp\/v2\/tags?post=1888"}],"curies":[{"name":"wp","href":"https:\/\/api.w.org\/{rel}","templated":true}]}}