{"id":1892,"date":"2024-01-31T13:08:22","date_gmt":"2024-01-31T12:08:22","guid":{"rendered":"https:\/\/serbenidorm.daliisolutions.com\/index.php\/2024\/01\/31\/tve-se-pronuncia-sobre-uno-de-los-grandes-fallos-del-benidorm-fest-2024-trataremos-por-todos-los-medios-que-no-vuelva-a-ocurrir\/"},"modified":"2024-01-31T13:08:22","modified_gmt":"2024-01-31T12:08:22","slug":"tve-se-pronuncia-sobre-uno-de-los-grandes-fallos-del-benidorm-fest-2024-trataremos-por-todos-los-medios-que-no-vuelva-a-ocurrir","status":"publish","type":"post","link":"https:\/\/serbenidorm.daliisolutions.com\/index.php\/2024\/01\/31\/tve-se-pronuncia-sobre-uno-de-los-grandes-fallos-del-benidorm-fest-2024-trataremos-por-todos-los-medios-que-no-vuelva-a-ocurrir\/","title":{"rendered":"TVE se pronuncia sobre uno de los grandes fallos del Benidorm Fest 2024: \u00abTrataremos por todos los medios que no vuelva a ocurrir\u00bb"},"content":{"rendered":"  <p>Madrid<\/p>   <p>Televisi\u00f3n Espa\u00f1ola (TVE) ha emitido este martes la primera de las dos semifinales del <i>Benidorm Fest 2024 .<\/i> Tras el \u00e9xito de las dos ediciones anteriores, en las que Chanel y Blanca Paloma se hicieron con el micr\u00f3fono de bronce, la audiencia estaba expectante por escuchar las ocho primeras candidatas que luchar\u00e1n por representar a Espa\u00f1a en Eurovisi\u00f3n el pr\u00f3ximo mes de mayo. Sin embargo, el p\u00fablico no ha quedado demasiado contento con lo ocurrido durante este martes. No solo por las candidaturas presentadas, sino por los constantes fallos a nivel de sonido que les han impedido dar todo de s\u00ed.<\/p>   <p><p>M\u00e1s informaci\u00f3n<\/p><ul><li><a href=\"https:\/\/cadenaser.com\/nacional\/2024\/01\/30\/nebulossa-angy-sofia-coll-y-miss-caffeina-se-convierten-en-finalistas-del-benidorm-fest-2024-asi-ha-sido-la-primera-semifinal-cadena-ser\/\">Nebulossa, Angy, Sof\u00eda Coll y Miss Caffeina se convierten en finalistas del Benidorm Fest 2024: as\u00ed ha sido la primera semifinal<\/a><\/li><li><a href=\"https:\/\/cadenaser.com\/nacional\/2024\/01\/31\/la-gran-protagonista-del-benidorm-fest-no-participo-en-el-certamen-estos-han-sido-los-mejores-memes-de-la-primera-semifinal-cadena-ser\/\">La gran protagonista del &#8216;Benidorm Fest&#8217; no particip\u00f3 en la gala: estos han sido los mejores memes de la primera semifinal<\/a><\/li><li><a href=\"https:\/\/cadenaser.com\/nacional\/2024\/01\/31\/el-comentario-mas-repetido-tras-la-primera-semifinal-del-benidorm-fest-la-audiencia-no-da-credito-cadena-ser\/\">El comentario m\u00e1s repetido tras la primera semifinal del Benidorm Fest: la audiencia no da cr\u00e9dito y muestra su decepci\u00f3n en redes<\/a><\/li><\/ul><\/p>   <p>A lo largo de la velada, las personas que han seguido la gala a trav\u00e9s del Televisi\u00f3n Espa\u00f1ola han denunciado m\u00faltiples fallo a nivel de sonido. Mientras que algunos lamentaban que no se escuchaba del todo bien la voz de los cantantes, otros se\u00f1alaban las bases musicales estaban demasiado altas. Por otro lado, tambi\u00e9n hay quienes aseguraban que se escuchaba demasiado alto al p\u00fablico durante ciertos momentos de la gala y quienes apuntaban que incluso se colaba el sonido del humo en los micr\u00f3fonos durante la actuaci\u00f3n de Nebulossa. <\/p>   <p><div><blockquote class=\"twitter-tweet\"><p lang=\"es\" dir=\"ltr\"><a href=\"https:\/\/twitter.com\/rtve?ref_src=twsrc%5Etfw\">@rtve<\/a> la realizaci\u00f3n del sonido del <a href=\"https:\/\/twitter.com\/hashtag\/BenidormFestSemi1?src=hash&amp;ref_src=twsrc%5Etfw\">#BenidormFestSemi1<\/a> es un poco p\u00e9sima&#8230; Ese acople de sonido del micr\u00f3fono con el sonido ambiente&#8230;<\/p>\u2014 Enrique Dur\u00e1n Fern\u00e1ndez\ud83c\udff3\ufe0f\u200d\ud83c\udf08 (@Henrydurfer) <a href=\"https:\/\/twitter.com\/Henrydurfer\/status\/1752461199583674657?ref_src=twsrc%5Etfw\">January 30, 2024<\/a><\/blockquote>   <\/div><\/p>   <p><div><blockquote class=\"twitter-tweet\"><p lang=\"es\" dir=\"ltr\">Por cierto en cuanto al sonido:<br>&#8211; Se colaba el sonido del humo en los micr\u00f3fonos.<br>&#8211; A veces no se ha escuchado la voz de los cantantes.<br>&#8211; Cuando presentan se escucha m\u00e1s al p\u00fablico.<br>&#8211; Las bases por las nubes no, lo siguiente.<br>Vamos, un desprop\u00f3sito&#8230;<a href=\"https:\/\/twitter.com\/hashtag\/BenidormFestSemi1?src=hash&amp;ref_src=twsrc%5Etfw\">#BenidormFestSemi1<\/a> <a href=\"https:\/\/t.co\/iEni0F6OXl\">pic.twitter.com\/iEni0F6OXl<\/a><\/p>\u2014 Psudo BF (@Dvooc_) <a href=\"https:\/\/twitter.com\/Dvooc_\/status\/1752467205814353952?ref_src=twsrc%5Etfw\">January 30, 2024<\/a><\/blockquote>   <\/div><\/p>   <p>TVE trabaja para resolver la incidencia<\/p>   <p>Una situaci\u00f3n que ha lastrado cada una de las actuaciones que han tenido lugar este martes, provocando as\u00ed que la audiencia no haya estado para nada contenta con lo que ha visto esta noche. De hecho, ya hay quienes auguran un mal puesto en Eurovisi\u00f3n tras escuchar estas primeras ocho candidaturas. A ra\u00edz de todas estas quejas, Televisi\u00f3n Espa\u00f1ola ha dado a conocer que est\u00e1n trabajando a destajo para saber qu\u00e9 ha ocurrido. Todo ello durante la rueda de prensa posterior a la gala, donde la directora de comunicaci\u00f3n y participaci\u00f3n de RTVE, Mar\u00eda Eizaguirre, ha respondido a las preguntas de los diferentes medios de comunicaci\u00f3n.<\/p>   <p>Despu\u00e9s de que uno de estos periodistas se\u00f1alara que la audiencia se estaba quejando mucho por los problemas con el sonido, Mar\u00eda Eizaguirre ha reconocido que todav\u00eda es muy pronto para saber qu\u00e9 ha pasado pero que est\u00e1n trabajando para descubrirlo: \u00abEs muy pronto para saber las cosas que han podido fallar. Estamos revis\u00e1ndolo y queremos saber cu\u00e1l ha sido la incidencia para tratar por todos los medio que no vuelva a ocurrir\u00bb.<\/p>   <p>Las redes cargan contra la organizaci\u00f3n<\/p>   <p>A lo largo de esta noche, las redes han cargado duramente contra la organizaci\u00f3n del Benidorm Fest por varios motivos. El primero y m\u00e1s evidente ha sido el tema de los continuos problemas de sonido a lo largo de la gala. Pero no ha sido el \u00fanico. Durante estas \u00faltimas horas tambi\u00e9n ha habido quejas acerca de la realizaci\u00f3n de televisi\u00f3n y del casting escogido por RTVE para esta tercera edici\u00f3n del <i>Benidorm Fest<\/i>.<\/p>   <p><div><blockquote class=\"twitter-tweet\"><p lang=\"es\" dir=\"ltr\">De verg\u00fcenza <a href=\"https:\/\/twitter.com\/rtve?ref_src=twsrc%5Etfw\">@rtve<\/a> que un m\u00f3vil de 500\u20ac y una persona sin experiencia grabe mejor tanto en v\u00eddeo como en sonido que un grupo televisivo con 78 supuestos a\u00f1os de experiencia\u2026<br><br>Sofia Coll &#8211; Here To Stay (Benidorm Fest &#8211; Audience View) <a href=\"https:\/\/t.co\/mtBDwytFeg\">https:\/\/t.co\/mtBDwytFeg<\/a> v\u00eda <a href=\"https:\/\/twitter.com\/YouTube?ref_src=twsrc%5Etfw\">@YouTube<\/a><\/p>\u2014 juls \u2022 X era (@julsXachaga) <a href=\"https:\/\/twitter.com\/julsXachaga\/status\/1752629435407139021?ref_src=twsrc%5Etfw\">January 31, 2024<\/a><\/blockquote>   <\/div><\/p>   <p>Adem\u00e1s de todo esto, tambi\u00e9n hay quienes aseguran que los presentadores no han estado a la altura de la situaci\u00f3n y que In\u00e9s Hernand ha demostrado en apenas unos minutos en pantalla que tiene las tablas suficientes como para hacerse cargo de una gala de este calibre.<\/p>   <p><div><blockquote class=\"twitter-tweet\"><p lang=\"es\" dir=\"ltr\">O cambian mucho las cosas o le veo muy poco futuro al Benidorm Fest. <br>Gala casposa, un guion horrible, canciones que aunque est\u00e1n bien suenan desfasad\u00edsima y sobre todo el sonido.<\/p>\u2014 That&#8217;s so Chris\ud83e\udd8b (@SeverusHorcrux) <a href=\"https:\/\/twitter.com\/SeverusHorcrux\/status\/1752581377092985343?ref_src=twsrc%5Etfw\">January 31, 2024<\/a><\/blockquote>   <\/div><\/p>   <p><div><blockquote class=\"twitter-tweet\"><p lang=\"es\" dir=\"ltr\">Menudo tru\u00f1o de benidorm fest. Sonido, realizaci\u00f3n, propuestas, votos&#8230;todo mal  <a href=\"https:\/\/twitter.com\/hashtag\/BenidormFestSemi1?src=hash&amp;ref_src=twsrc%5Etfw\">#BenidormFestSemi1<\/a><\/p>\u2014 SoyMagu \ud83e\udd1f\ud83c\udffc\/SALVAR LUCAS \ud83c\uddfa\ud83c\uddfe (@maguamar1771) <a href=\"https:\/\/twitter.com\/maguamar1771\/status\/1752591169119207705?ref_src=twsrc%5Etfw\">January 31, 2024<\/a><\/blockquote>   <\/div><\/p>   <p><div><blockquote class=\"twitter-tweet\"><p lang=\"es\" dir=\"ltr\">Por qu\u00e9 en un programa de m\u00fasica siempre el sonido, que deber\u00eda ser lo m\u00e1s importante, es lo peor de todo? Anoche, en el Benidorm Fest, fue el enemigo de todos los concursantes<\/p>\u2014 nachete (@NachoMoyaV) <a href=\"https:\/\/twitter.com\/NachoMoyaV\/status\/1752614066642681893?ref_src=twsrc%5Etfw\">January 31, 2024<\/a><\/blockquote>   <\/div><\/p> ","protected":false},"excerpt":{"rendered":"<p>Las redes sociales han criticado con dureza esta primera gala <\/p>\n","protected":false},"author":0,"featured_media":1893,"comment_status":"open","ping_status":"open","sticky":false,"template":"","format":"standard","meta":{"_acf_changed":false,"footnotes":""},"categories":[1],"tags":[],"class_list":["post-1892","post","type-post","status-publish","format-standard","has-post-thumbnail","hentry","category-sin-categoria"],"acf":{"ser_id":"426TPAYXVJBZBOFWUYZSK2B7HM","ser_url":"https:\/\/cadenaser.com\/nacional\/2024\/01\/31\/tve-se-pronuncia-sobre-uno-de-los-grandes-fallos-del-benidorm-fest-2024-trataremos-por-todos-los-medios-que-no-vuelva-a-ocurrir-cadena-ser\/"},"_links":{"self":[{"href":"https:\/\/serbenidorm.daliisolutions.com\/index.php\/wp-json\/wp\/v2\/posts\/1892","targetHints":{"allow":["GET"]}}],"collection":[{"href":"https:\/\/serbenidorm.daliisolutions.com\/index.php\/wp-json\/wp\/v2\/posts"}],"about":[{"href":"https:\/\/serbenidorm.daliisolutions.com\/index.php\/wp-json\/wp\/v2\/types\/post"}],"replies":[{"embeddable":true,"href":"https:\/\/serbenidorm.daliisolutions.com\/index.php\/wp-json\/wp\/v2\/comments?post=1892"}],"version-history":[{"count":0,"href":"https:\/\/serbenidorm.daliisolutions.com\/index.php\/wp-json\/wp\/v2\/posts\/1892\/revisions"}],"wp:featuredmedia":[{"embeddable":true,"href":"https:\/\/serbenidorm.daliisolutions.com\/index.php\/wp-json\/wp\/v2\/media\/1893"}],"wp:attachment":[{"href":"https:\/\/serbenidorm.daliisolutions.com\/index.php\/wp-json\/wp\/v2\/media?parent=1892"}],"wp:term":[{"taxonomy":"category","embeddable":true,"href":"https:\/\/serbenidorm.daliisolutions.com\/index.php\/wp-json\/wp\/v2\/categories?post=1892"},{"taxonomy":"post_tag","embeddable":true,"href":"https:\/\/serbenidorm.daliisolutions.com\/index.php\/wp-json\/wp\/v2\/tags?post=1892"}],"curies":[{"name":"wp","href":"https:\/\/api.w.org\/{rel}","templated":true}]}}