{"id":1894,"date":"2024-01-31T13:26:24","date_gmt":"2024-01-31T12:26:24","guid":{"rendered":"https:\/\/serbenidorm.daliisolutions.com\/index.php\/2024\/01\/31\/valeria-rico-campeona-autonomica-de-puntuacion\/"},"modified":"2024-01-31T13:26:24","modified_gmt":"2024-01-31T12:26:24","slug":"valeria-rico-campeona-autonomica-de-puntuacion","status":"publish","type":"post","link":"https:\/\/serbenidorm.daliisolutions.com\/index.php\/2024\/01\/31\/valeria-rico-campeona-autonomica-de-puntuacion\/","title":{"rendered":"Valeria Rico, campeona auton\u00f3mica de puntuaci\u00f3n"},"content":{"rendered":"  <p>Benidorm<\/p>   <p>La joven ciclista benidormense Valeria Rico se ha proclamado campeona auton\u00f3mica de puntuaci\u00f3n en el campeonato de la Comunitat Valenciana celebrado el pasado fin de semana en el vel\u00f3dromo Llu\u00eds Puig, donde la integrante del equipo de la Universitat Polit\u00e9cnica de Val\u00e8ncia (UPV) tambi\u00e9n se colg\u00f3 la medalla de bronce en la prueba de velocidad.<\/p>   <p>La deportista de Benidorm supo leer a la perfecci\u00f3n la prueba y ciment\u00f3 su camino hacia el oro auton\u00f3mico con un potente y crucial ataque mediada la carrera con el que consigui\u00f3 sacar una vuelta al resto del pelot\u00f3n para terminar en lo m\u00e1s alto del podio flanqueada por Amanda Miravent y Noa Jim\u00e9nez.<\/p> ","protected":false},"excerpt":{"rendered":"<p>La ciclista benidormense se colg\u00f3, adem\u00e1s, el bronce en velocidad en la prueba celebrada en el vel\u00f3dromo Llu\u00eds Puig<\/p>\n","protected":false},"author":0,"featured_media":1895,"comment_status":"open","ping_status":"open","sticky":false,"template":"","format":"standard","meta":{"_acf_changed":false,"footnotes":""},"categories":[16],"tags":[],"class_list":["post-1894","post","type-post","status-publish","format-standard","has-post-thumbnail","hentry","category-deportes"],"acf":{"ser_id":"BYK3HUIZTVH57JPDI3EFJETKD4","ser_url":"https:\/\/cadenaser.com\/comunitat-valenciana\/2024\/01\/31\/valeria-rico-campeona-autonomica-de-puntuacion-radio-benidorm\/"},"_links":{"self":[{"href":"https:\/\/serbenidorm.daliisolutions.com\/index.php\/wp-json\/wp\/v2\/posts\/1894","targetHints":{"allow":["GET"]}}],"collection":[{"href":"https:\/\/serbenidorm.daliisolutions.com\/index.php\/wp-json\/wp\/v2\/posts"}],"about":[{"href":"https:\/\/serbenidorm.daliisolutions.com\/index.php\/wp-json\/wp\/v2\/types\/post"}],"replies":[{"embeddable":true,"href":"https:\/\/serbenidorm.daliisolutions.com\/index.php\/wp-json\/wp\/v2\/comments?post=1894"}],"version-history":[{"count":0,"href":"https:\/\/serbenidorm.daliisolutions.com\/index.php\/wp-json\/wp\/v2\/posts\/1894\/revisions"}],"wp:featuredmedia":[{"embeddable":true,"href":"https:\/\/serbenidorm.daliisolutions.com\/index.php\/wp-json\/wp\/v2\/media\/1895"}],"wp:attachment":[{"href":"https:\/\/serbenidorm.daliisolutions.com\/index.php\/wp-json\/wp\/v2\/media?parent=1894"}],"wp:term":[{"taxonomy":"category","embeddable":true,"href":"https:\/\/serbenidorm.daliisolutions.com\/index.php\/wp-json\/wp\/v2\/categories?post=1894"},{"taxonomy":"post_tag","embeddable":true,"href":"https:\/\/serbenidorm.daliisolutions.com\/index.php\/wp-json\/wp\/v2\/tags?post=1894"}],"curies":[{"name":"wp","href":"https:\/\/api.w.org\/{rel}","templated":true}]}}