{"id":19,"date":"2023-11-29T15:21:03","date_gmt":"2023-11-29T14:21:03","guid":{"rendered":"https:\/\/serbenidorm.daliisolutions.com\/index.php\/2023\/11\/29\/la-policia-nacional-detiene-a-diez-personas-en-lalfas-del-pi-por-vender-droga-en-un-club-sin-licencia\/"},"modified":"2023-11-29T15:21:03","modified_gmt":"2023-11-29T14:21:03","slug":"la-policia-nacional-detiene-a-diez-personas-en-lalfas-del-pi-por-vender-droga-en-un-club-sin-licencia","status":"publish","type":"post","link":"https:\/\/serbenidorm.daliisolutions.com\/index.php\/2023\/11\/29\/la-policia-nacional-detiene-a-diez-personas-en-lalfas-del-pi-por-vender-droga-en-un-club-sin-licencia\/","title":{"rendered":"La Polic\u00eda Nacional detiene a diez personas en l&#x27;Alf\u00e0s del Pi por vender droga en un club sin licencia"},"content":{"rendered":" Benidorm  Agentes de la Polic\u00eda Nacional han detenido en <a href=\"https:\/\/cadenaser.com\/tag\/lalfas_del_pi\/a\/\" target=\"_blank\" rel=\"noopener\">l&#8217;Alf\u00e0s del Pi<\/a> a diez hombres que se dedicaban a la venta \u00abcon total impunidad\u00bb de sustancias estupefacientes y que utilizaban para ello un club social con la licencia suspendida, seg\u00fan ha informado este martes el cuerpo en un comunicado.  Aprovechaban la apariencia \u00abdudosamente legal\u00bb de este establecimiento para el menudeo entre clientes de diferentes edades, muchos de los cuales se encontraban en la localidad de vacaciones, y que se desplazaban hasta el lugar con veh\u00edculos de todo tipo, incluso en taxi.  La <a href=\"https:\/\/cadenaser.com\/tag\/policia_nacional\/a\/\" target=\"_blank\" rel=\"noopener\">Brigada de Polic\u00eda Judicial de la Comisar\u00eda de Benidorm<\/a> pudo descubrir despu\u00e9s que cerca del local investigado se encontraba tambi\u00e9n otro edificio que pod\u00eda estar utiliz\u00e1ndose para el almacenaje de las diferentes sustancias que se vend\u00edan en el establecimiento dando pie al inicio de la intervenci\u00f3n.  <p>M\u00e1s informaci\u00f3n<\/p><figure><img decoding=\"async\" src=\"https:\/\/cadenaser.com\/resizer\/VcrcUkxJ5Xq0E7uu681eIl3B2o0=\/650x366\/filters:quality(70)\/cloudfront-eu-central-1.images.arcpublishing.com\/prisaradio\/YA3ZPK3D4NFXVHLZD2OFARIJC4.JPG\" loading=\"lazy\" width=\"828\" height=\"621\" \/><\/figure><ul><li><a href=\"https:\/\/cadenaser.com\/comunitat-valenciana\/2023\/11\/22\/la-guardia-civil-y-la-policia-local-de-relleu-desmantelan-una-plantacion-de-marihuana-y-detienen-a-sus-responsables-radio-benidorm\/\">La Guardia Civil y la Polic\u00eda Local de Relleu desmantelan una plantaci\u00f3n de marihuana y detienen a sus responsables<\/a><\/li><\/ul>  Recabada toda la informaci\u00f3n se solicitaron los correspondientes mandamientos de entrada y registro de las dos localizaciones. Una operaci\u00f3n que se sald\u00f3 con la detenci\u00f3n de un total de diez hombres de entre 24 y 37 a\u00f1os y de nacionalidad espa\u00f1ola, inglesa, francesa, marroqu\u00ed y neerlandesa.  Durante las entradas y registro se encontr\u00f3 adem\u00e1s en el local a unas veinticinco personas que estaban haciendo un consumo compartido de sustancias. Adem\u00e1s, el almac\u00e9n ten\u00eda una parte superior que se podr\u00edan estar usando como vivienda.  Finalmente se consigui\u00f3 a la incautaci\u00f3n de m\u00e1s de 4.700 gramos de cogollos de marihuana junto con mezcla de tabaco, unos 230 gramos de hach\u00eds y hasta 155 cigarrillos artesanales con sustancia estupefaciente en su interior preparados para ser consumidos. Los detenidos fueron puestos a disposici\u00f3n del <a href=\"https:\/\/cadenaser.com\/tag\/tsjv_tribunal_superior_justicia_valencia\/a\/\" target=\"_blank\" rel=\"noopener\">Juzgado de Instrucci\u00f3n n\u00famero cuatro de Benidorm<\/a>.  <div class=\"hd\"><p>Radio Benidorm<\/p><\/div><div class=\"lst lst-s\"><ul><li><div id=\"player-cadenaser_benidorm_hoyporhoybenidorm_20231129_122000_140000\" class=\"c-pl-a\"><button class=\"bt-pp\" data-audioid=\"cadenaser_benidorm_hoyporhoybenidorm_20231129_122000_140000\" data-type=\"aod\">Play<\/button><\/div><p title=\"Hoy por Hoy Benidorm (29\/11\/2023)\"><span>Hoy por Hoy Benidorm (29\/11\/2023)<\/span><span>01:40:00<!-- -->\u00a0|\u00a0<!-- -->Hoy por Hoy Benidorm<\/span><\/p><\/li><li><div id=\"player-1701090079280\" class=\"c-pl-a\"><button class=\"bt-pp\" data-audioid=\"1701090079280\" data-type=\"aod\">Play<\/button><\/div><p title=\"El secreto del punto del arroz con La Arrocer\u00eda de la Mejillonera en Benidorm\"><span>El secreto del punto del arroz con La Arrocer\u00eda de la Mejillonera en Benidorm<\/span><span>13:36<!-- -->\u00a0|\u00a0<!-- -->Hoy por Hoy Benidorm<\/span><\/p><\/li><li><div id=\"player-cadenaser_benidorm_hoyporhoymatinalbenidorm_20231129_082000_083000\" class=\"c-pl-a\"><button class=\"bt-pp\" data-audioid=\"cadenaser_benidorm_hoyporhoymatinalbenidorm_20231129_082000_083000\" data-type=\"aod\">Play<\/button><\/div><p title=\"Hoy por Hoy matinal Benidorm 8:20 (29\/11\/2023)\"><span>Hoy por Hoy matinal Benidorm 8:20 (29\/11\/2023)<\/span><span>10:00<!-- -->\u00a0|\u00a0<!-- -->Hoy por Hoy matinal Benidorm<\/span><\/p><\/li><li><div id=\"player-cadenaser_benidorm_hoyporhoymatinalbenidorm_20231129_072000_073000\" class=\"c-pl-a\"><button class=\"bt-pp\" data-audioid=\"cadenaser_benidorm_hoyporhoymatinalbenidorm_20231129_072000_073000\" data-type=\"aod\">Play<\/button><\/div><p title=\"Hoy por Hoy matinal Benidorm 7:20 (29\/11\/2023)\"><span>Hoy por Hoy matinal Benidorm 7:20 (29\/11\/2023)<\/span><span>10:00<!-- -->\u00a0|\u00a0<!-- -->Hoy por Hoy matinal Benidorm<\/span><\/p><\/li><li><div id=\"player-cadenaser_benidorm_laventanadelamarinabaixa_20231128_192000_194000\" class=\"c-pl-a\"><button class=\"bt-pp\" data-audioid=\"cadenaser_benidorm_laventanadelamarinabaixa_20231128_192000_194000\" data-type=\"aod\">Play<\/button><\/div><p title=\"La Ventana de la Marina Baixa (28\/11\/2023)\"><span>La Ventana de la Marina Baixa (28\/11\/2023)<\/span><span>20:00<!-- -->\u00a0|\u00a0<!-- -->La Ventana de la Marina Baixa<\/span><\/p><\/li><li><div id=\"player-cadenaser_benidorm_serdeportivosbenidorm_20231128_152000_160000\" class=\"c-pl-a\"><button class=\"bt-pp\" data-audioid=\"cadenaser_benidorm_serdeportivosbenidorm_20231128_152000_160000\" data-type=\"aod\">Play<\/button><\/div><p title=\"SER Deportivos Benidorm (28\/11\/2023)\"><span>SER Deportivos Benidorm (28\/11\/2023)<\/span><span>40:00<!-- -->\u00a0|\u00a0<!-- -->SER Deportivos Benidorm<\/span><\/p><\/li><li><div id=\"player-cadenaser_benidorm_hora14benidorm_20231128_141700_143000\" class=\"c-pl-a\"><button class=\"bt-pp\" data-audioid=\"cadenaser_benidorm_hora14benidorm_20231128_141700_143000\" data-type=\"aod\">Play<\/button><\/div><p title=\"Hora 14 Benidorm (28\/11\/2023)\"><span>Hora 14 Benidorm (28\/11\/2023)<\/span><span>13:00<!-- -->\u00a0|\u00a0<!-- -->Hora 14 Benidorm<\/span><\/p><\/li><li><div id=\"player-cadenaser_benidorm_hoyporhoybenidorm_20231128_122000_140000\" class=\"c-pl-a\"><button class=\"bt-pp\" data-audioid=\"cadenaser_benidorm_hoyporhoybenidorm_20231128_122000_140000\" data-type=\"aod\">Play<\/button><\/div><p title=\"Hoy por Hoy Benidorm (28\/11\/2023)\"><span>Hoy por Hoy Benidorm (28\/11\/2023)<\/span><span>01:40:00<!-- -->\u00a0|\u00a0<!-- -->Hoy por Hoy Benidorm<\/span><\/p><\/li><li><div id=\"player-1701175862565\" class=\"c-pl-a\"><button class=\"bt-pp\" data-audioid=\"1701175862565\" data-type=\"aod\">Play<\/button><\/div><p title=\"La Nuc\u00eda celebra su Feria de la Navidad del 1 al 3 de diciembre\"><span>La Nuc\u00eda celebra su Feria de la Navidad del 1 al 3 de diciembre<\/span><span>18:45<!-- -->\u00a0|\u00a0<!-- -->Hoy por Hoy Benidorm<\/span><\/p><\/li><li><div id=\"player-1701174842410\" class=\"c-pl-a\"><button class=\"bt-pp\" data-audioid=\"1701174842410\" data-type=\"aod\">Play<\/button><\/div><p title=\"Antonio Espinos nos cuenta la historia de una &quot;p\u00e1tera&quot; hallada en Allon,  la perla de la Marina Baixa\"><span>Antonio Espinos nos cuenta la historia de una &quot;p\u00e1tera&quot; hallada en Allon,  la perla de la Marina Baixa<\/span><span>21:27<!-- -->\u00a0|\u00a0<!-- -->Hoy por Hoy Benidorm<\/span><\/p><\/li><li><div id=\"player-1701174279553\" class=\"c-pl-a\"><button class=\"bt-pp\" data-audioid=\"1701174279553\" data-type=\"aod\">Play<\/button><\/div><p title=\"En Educando en Inclusi\u00f3n la maestra Sonia Montesinos nos habla sobre el uso racional de los elementos tecnol\u00f3gicos en la infancia y la adolescencia\"><span>En Educando en Inclusi\u00f3n la maestra Sonia Montesinos nos habla sobre el uso racional de los elementos tecnol\u00f3gicos en la infancia y la adolescencia<\/span><span>22:36<!-- -->\u00a0|\u00a0<!-- -->Hoy por Hoy Benidorm<\/span><\/p><\/li><li><div id=\"player-1701169563404\" class=\"c-pl-a\"><button class=\"bt-pp\" data-audioid=\"1701169563404\" data-type=\"aod\">Play<\/button><\/div><p title=\"La tertulia de La Ventana de la Marina Baixa (27\/11\/2023)\"><span>La tertulia de La Ventana de la Marina Baixa (27\/11\/2023)<\/span><span>39:36<!-- -->\u00a0|\u00a0<!-- -->La Ventana de la Marina Baixa<\/span><\/p><\/li><li><div id=\"player-cadenaser_benidorm_hoyporhoymatinalbenidorm_20231128_082000_083000\" class=\"c-pl-a\"><button class=\"bt-pp\" data-audioid=\"cadenaser_benidorm_hoyporhoymatinalbenidorm_20231128_082000_083000\" data-type=\"aod\">Play<\/button><\/div><p title=\"Hoy por Hoy matinal Benidorm 8:20 (28\/11\/2023)\"><span>Hoy por Hoy matinal Benidorm 8:20 (28\/11\/2023)<\/span><span>10:00<!-- -->\u00a0|\u00a0<!-- -->Hoy por Hoy matinal Benidorm<\/span><\/p><\/li><li><div id=\"player-cadenaser_benidorm_hoyporhoymatinalbenidorm_20231128_072000_073000\" class=\"c-pl-a\"><button class=\"bt-pp\" data-audioid=\"cadenaser_benidorm_hoyporhoymatinalbenidorm_20231128_072000_073000\" data-type=\"aod\">Play<\/button><\/div><p title=\"Hoy por Hoy matinal Benidorm 7:20 (28\/11\/2023)\"><span>Hoy por Hoy matinal Benidorm 7:20 (28\/11\/2023)<\/span><span>10:00<!-- -->\u00a0|\u00a0<!-- -->Hoy por Hoy matinal Benidorm<\/span><\/p><\/li><li><div id=\"player-cadenaser_benidorm_laventanadelamarinabaixa_20231127_192000_194000\" class=\"c-pl-a\"><button class=\"bt-pp\" data-audioid=\"cadenaser_benidorm_laventanadelamarinabaixa_20231127_192000_194000\" data-type=\"aod\">Play<\/button><\/div><p title=\"La Ventana de la Marina Baixa (27\/11\/2023)\"><span>La Ventana de la Marina Baixa (27\/11\/2023)<\/span><span>20:00<!-- -->\u00a0|\u00a0<!-- -->La Ventana de la Marina Baixa<\/span><\/p><\/li><\/ul><\/div> ","protected":false},"excerpt":{"rendered":"<p>Se han incautado 4.700 gramos de cogollos de marihuana junto con mezcla de tabaco, unos 230 gramos de hach\u00eds y hasta 155 cigarrillos artesanales<\/p>\n","protected":false},"author":0,"featured_media":20,"comment_status":"open","ping_status":"open","sticky":false,"template":"","format":"standard","meta":{"_acf_changed":false,"footnotes":""},"categories":[1],"tags":[],"class_list":["post-19","post","type-post","status-publish","format-standard","has-post-thumbnail","hentry","category-sin-categoria"],"acf":{"ser_id":"OSHKRADQQFHO5GIF5FHZ3GKMQU","ser_url":""},"_links":{"self":[{"href":"https:\/\/serbenidorm.daliisolutions.com\/index.php\/wp-json\/wp\/v2\/posts\/19","targetHints":{"allow":["GET"]}}],"collection":[{"href":"https:\/\/serbenidorm.daliisolutions.com\/index.php\/wp-json\/wp\/v2\/posts"}],"about":[{"href":"https:\/\/serbenidorm.daliisolutions.com\/index.php\/wp-json\/wp\/v2\/types\/post"}],"replies":[{"embeddable":true,"href":"https:\/\/serbenidorm.daliisolutions.com\/index.php\/wp-json\/wp\/v2\/comments?post=19"}],"version-history":[{"count":0,"href":"https:\/\/serbenidorm.daliisolutions.com\/index.php\/wp-json\/wp\/v2\/posts\/19\/revisions"}],"wp:featuredmedia":[{"embeddable":true,"href":"https:\/\/serbenidorm.daliisolutions.com\/index.php\/wp-json\/wp\/v2\/media\/20"}],"wp:attachment":[{"href":"https:\/\/serbenidorm.daliisolutions.com\/index.php\/wp-json\/wp\/v2\/media?parent=19"}],"wp:term":[{"taxonomy":"category","embeddable":true,"href":"https:\/\/serbenidorm.daliisolutions.com\/index.php\/wp-json\/wp\/v2\/categories?post=19"},{"taxonomy":"post_tag","embeddable":true,"href":"https:\/\/serbenidorm.daliisolutions.com\/index.php\/wp-json\/wp\/v2\/tags?post=19"}],"curies":[{"name":"wp","href":"https:\/\/api.w.org\/{rel}","templated":true}]}}