{"id":1905,"date":"2024-01-31T17:35:18","date_gmt":"2024-01-31T16:35:18","guid":{"rendered":"https:\/\/serbenidorm.daliisolutions.com\/index.php\/2024\/01\/31\/finestrat-acoge-el-dia-del-arbol-de-la-comunitat-valenciana-con-la-plantacion-de-casi-900-ejemplares\/"},"modified":"2024-01-31T17:35:18","modified_gmt":"2024-01-31T16:35:18","slug":"finestrat-acoge-el-dia-del-arbol-de-la-comunitat-valenciana-con-la-plantacion-de-casi-900-ejemplares","status":"publish","type":"post","link":"https:\/\/serbenidorm.daliisolutions.com\/index.php\/2024\/01\/31\/finestrat-acoge-el-dia-del-arbol-de-la-comunitat-valenciana-con-la-plantacion-de-casi-900-ejemplares\/","title":{"rendered":"Finestrat acoge el D\u00eda del \u00c1rbol de la Comunitat Valenciana con la plantaci\u00f3n de casi 900 ejemplares"},"content":{"rendered":"  <p>Finestrat<\/p>   <p>Este mi\u00e9rcoles se celebra la 34\u00aa edici\u00f3n del Dia de l\u2019Arbre de la Comunitat Valenciana y la Generalitat ha elegido Finestrat para acoger el acto central. Concretamente, la micro reserva de flora el Tossal dels Corbs donde cerca de 600 escolares de los dos centros educativos de la localidad, el <a href=\"https:\/\/cadenaser.com\/tag\/finestrat\/a\/\" target=\"_blank\" rel=\"noopener\">Puig Campana<\/a> y el <a href=\"https:\/\/cadenaser.com\/tag\/finestrat\/a\/\" target=\"_blank\" rel=\"noopener\">Balc\u00f3 de Finestrat<\/a>, han plantado 880 ejemplares de especies aut\u00f3ctonas como coscoja, algarrobo y lentisco.<\/p>  <p><p class=\"tit\"><span>Hora 14 Benidorm (31\/01\/2024)<\/span><\/p> <p class=\"emb\"><iframe loading=\"lazy\" src=\"https:\/\/cadenaser.com\/embed\/audio\/460\/cadenaser_benidorm_hora14benidorm_20240131_141700_143000\/\" width=\"100%\" height=\"360\" frameborder=\"0\" allowfullscreen><\/iframe><\/p><\/p>   <p>Por otro lado se ha desarrollado de manera simb\u00f3lica la suelta de dos aves rapaces recuperadas en el Centro de Santa Faz. En sendas actividades los alumnos estuvieron acompa\u00f1ados del secretario auton\u00f3mico de Medio Ambiente Francisco Javier Sendra y el alcalde Juanfran P\u00e9rez Llorca.<\/p>  <p><p>M\u00e1s informaci\u00f3n<\/p><figure><img decoding=\"async\" src=\"https:\/\/cadenaser.com\/resizer\/7QdhNEN1l_ssKQRkvokFRtwkovE=\/650x366\/filters:quality(70)\/cloudfront-eu-central-1.images.arcpublishing.com\/prisaradio\/ZXUXCQRI7RAN5KDEHTR7B5FT4Y.jpg\" loading=\"lazy\" width=\"828\" height=\"621\" \/><\/figure><ul><li><a href=\"https:\/\/cadenaser.com\/comunitat-valenciana\/2024\/01\/29\/rescatados-de-madrugada-dos-senderistas-en-el-puig-campana-de-finestrat-radio-benidorm\/\">Rescatados de madrugada dos senderistas en el Puig Campana de Finestrat<\/a><\/li><\/ul><\/p>   <p>El primero ha se\u00f1alado sobre el terreno que la elecci\u00f3n de Finestrat se debe a que \u00abes un ejemplo a seguir por su grado de protecci\u00f3n de todo el t\u00e9rmino municipal\u00bb. \u00abEl Dia de l\u2019Arbre es fundamental para nuestra juventud y nuestra infancia, a quienes les inculcamos los valores de la defensa de la naturaleza y la importancia de integrar las aves rapaces recuperadas\u00bb, ha explicado Sendra.<\/p>   <p>En la misma l\u00ednea. el alcalde, Juanfran P\u00e9rez Llorca, se ha referido a la importancia de \u00abinculcar entre los escolares los valores de sostenibilidad y protecci\u00f3n de nuestro entorno. Los m\u00e1s peque\u00f1os quieren disfrutar y tambi\u00e9n quieren aprender sobre nuestra flora y nuestra fauna. Por eso, hoy han plantado ejemplares aut\u00f3ctonos de vegetaci\u00f3n y tambi\u00e9n han sido testigos de la suelta de dos aves rapaces recuperadas\u00bb.<\/p>   <p>El Tossal dels Corbs<\/p>   <p>Perteneciente a la Red de Micro reservas de flora de la Comunitat Valenciana, es un terreno muy singular compuesto por arcillas, margas y sobre todo yesos donde se encuentran especies de flora tan emblem\u00e1ticas como el Teucrium lepicephalum (zamarrilla de yesar), <a href=\"https:\/\/cadenaser.com\/tag\/comarca_la_marina_baixa\/a\/\" target=\"_blank\" rel=\"noopener\">endemismo exclusivo de la Marina Baixa<\/a>. Tambi\u00e9n crecen aqu\u00ed m\u00e1s de diez especies protegidas de flora.<\/p>   <p>Adem\u00e1s de los t\u00e9cnicos de Conselleria de Medio Ambiente en la jornada de hoy tambi\u00e9n ha participado personal del departamento municipal de Medio Ambiente, de Educaci\u00f3n, brigadas de Servicios T\u00e9cnicos, Polic\u00eda Local y alumnos del Taller de Empleo de Jardiner\u00eda.<\/p> ","protected":false},"excerpt":{"rendered":"<p>Cerca de 600 escolares participan en esta jornada de concienciaci\u00f3n que tuvo como escenario la microrreserva de flora del Tossal dels Corbs<\/p>\n","protected":false},"author":0,"featured_media":1906,"comment_status":"open","ping_status":"open","sticky":false,"template":"","format":"standard","meta":{"_acf_changed":false,"footnotes":""},"categories":[1],"tags":[],"class_list":["post-1905","post","type-post","status-publish","format-standard","has-post-thumbnail","hentry","category-sin-categoria"],"acf":{"ser_id":"UKLILXIMNFFFTOIFDP6MP657XQ","ser_url":"https:\/\/cadenaser.com\/comunitat-valenciana\/2024\/01\/31\/finestrat-acoge-el-dia-del-arbol-de-la-comunitat-valenciana-con-la-plantacion-de-casi-900-ejemplares-radio-benidorm\/"},"_links":{"self":[{"href":"https:\/\/serbenidorm.daliisolutions.com\/index.php\/wp-json\/wp\/v2\/posts\/1905","targetHints":{"allow":["GET"]}}],"collection":[{"href":"https:\/\/serbenidorm.daliisolutions.com\/index.php\/wp-json\/wp\/v2\/posts"}],"about":[{"href":"https:\/\/serbenidorm.daliisolutions.com\/index.php\/wp-json\/wp\/v2\/types\/post"}],"replies":[{"embeddable":true,"href":"https:\/\/serbenidorm.daliisolutions.com\/index.php\/wp-json\/wp\/v2\/comments?post=1905"}],"version-history":[{"count":0,"href":"https:\/\/serbenidorm.daliisolutions.com\/index.php\/wp-json\/wp\/v2\/posts\/1905\/revisions"}],"wp:featuredmedia":[{"embeddable":true,"href":"https:\/\/serbenidorm.daliisolutions.com\/index.php\/wp-json\/wp\/v2\/media\/1906"}],"wp:attachment":[{"href":"https:\/\/serbenidorm.daliisolutions.com\/index.php\/wp-json\/wp\/v2\/media?parent=1905"}],"wp:term":[{"taxonomy":"category","embeddable":true,"href":"https:\/\/serbenidorm.daliisolutions.com\/index.php\/wp-json\/wp\/v2\/categories?post=1905"},{"taxonomy":"post_tag","embeddable":true,"href":"https:\/\/serbenidorm.daliisolutions.com\/index.php\/wp-json\/wp\/v2\/tags?post=1905"}],"curies":[{"name":"wp","href":"https:\/\/api.w.org\/{rel}","templated":true}]}}