{"id":1935,"date":"2024-02-01T15:02:11","date_gmt":"2024-02-01T14:02:11","guid":{"rendered":"https:\/\/serbenidorm.daliisolutions.com\/index.php\/2024\/02\/01\/proteger-el-moralet-de-benidorm-de-incendios-objetivo-de-los-nuevos-trabajos-en-la-zona\/"},"modified":"2024-02-01T15:02:11","modified_gmt":"2024-02-01T14:02:11","slug":"proteger-el-moralet-de-benidorm-de-incendios-objetivo-de-los-nuevos-trabajos-en-la-zona","status":"publish","type":"post","link":"https:\/\/serbenidorm.daliisolutions.com\/index.php\/2024\/02\/01\/proteger-el-moralet-de-benidorm-de-incendios-objetivo-de-los-nuevos-trabajos-en-la-zona\/","title":{"rendered":"Proteger El Moralet de Benidorm de incendios, objetivo de los nuevos trabajos en la zona"},"content":{"rendered":"  <p>Benidorm<\/p>   <p>El Ayuntamiento de Benidorm ha dado inicio a los trabajos de <a href=\"https:\/\/cadenaser.com\/tag\/benidorm\/a\/\" target=\"_blank\" rel=\"noopener\">prevenci\u00f3n contra incendios en el parque El Moralet<\/a>, una actuaci\u00f3n que se complementa con las realizadas anteriormente de adecuaci\u00f3n y creaci\u00f3n de senderos incluida en la Estrategia de Desarrollo Urbano Sostenible e Integrador (EDUSI) como uno de los principales proyectos.<\/p>   <p>Ahora, la recuperaci\u00f3n de este entorno ha entrado en una nueva fase centrada en la prevenci\u00f3n de incendios, que conllevar\u00e1 adem\u00e1s de un repaso y ampliaci\u00f3n de la se\u00f1alizaci\u00f3n interior del parque, la creaci\u00f3n de un cortafuegos perimetral en todo el parque, la instalaci\u00f3n de unas barreras de protecci\u00f3n mediante vallas de tipo palanquera, as\u00ed como la reposici\u00f3n a su estado inicial de los caminos afectados por el tr\u00e1fico de veh\u00edculos necesario para la ejecuci\u00f3n de los trabajos. <\/p>   <p>Seg\u00fan el proyecto, los trabajos selv\u00edcolas consistir\u00e1n en realizar rozas y clareos para despejar, limpiar y retirar la vegetaci\u00f3n herb\u00e1cea, arbustiva y arb\u00f3rea existente como tratamiento preventivo frente a incendios forestales. <\/p>  <p><p class=\"tit\"><span>Hora 14 Benidorm (01\/02\/2024)<\/span><\/p> <p class=\"emb\"><iframe loading=\"lazy\" src=\"https:\/\/cadenaser.com\/embed\/audio\/460\/cadenaser_benidorm_hora14benidorm_20240201_141700_143000\/\" width=\"100%\" height=\"360\" frameborder=\"0\" allowfullscreen><\/iframe><\/p><\/p>   <p>Se est\u00e1n ejecutando asimismo una poda de pinos para eliminar ramas secas o enfermas y suprimiendo las m\u00e1s bajas del \u00e1rbol de modo que se evitan podas dr\u00e1sticas que comprometen el crecimiento y desarrollo posterior del \u00e1rbol. Igualmente se est\u00e1n cortando algunas con\u00edferas muertas o moribundas o afectadas por plagas o enfermedades y deformes que est\u00e1n dispersas por el parque.<\/p>  <p><p>M\u00e1s informaci\u00f3n<\/p><figure><img decoding=\"async\" src=\"https:\/\/cadenaser.com\/resizer\/6087Wr9SSToC8aNZ8AhqvlmZeSo=\/650x366\/filters:quality(70)\/cloudfront-eu-central-1.images.arcpublishing.com\/prisaradio\/K7GO45RJVZE2HI2IGOEGZLW73M.PNG\" loading=\"lazy\" width=\"828\" height=\"621\" \/><\/figure><ul><li><a href=\"https:\/\/cadenaser.com\/nacional\/2024\/01\/31\/tve-se-pronuncia-sobre-uno-de-los-grandes-fallos-del-benidorm-fest-2024-trataremos-por-todos-los-medios-que-no-vuelva-a-ocurrir-cadena-ser\/\">TVE se pronuncia sobre uno de los grandes fallos del Benidorm Fest 2024: \u00abTrataremos por todos los medios que no vuelva a ocurrir\u00bb<\/a><\/li><\/ul><\/p>   <p>En cuanto a las se\u00f1alizaciones, se ha proyectado la instalaci\u00f3n, en los cinco principales accesos, de se\u00f1ales con indicaciones de restricciones y recomendaciones para realizar un uso correcto del entorno y para la prevenci\u00f3n de incendios.<\/p>   <p>Acerca de las c\u00e1maras contra incendios, la instalaci\u00f3n se realizar\u00e1 en los ocho accesos al parque. Estos dispositivos disponen de bater\u00eda recargable y panel solar y se situar\u00e1n sobre columnas de ocho metros de altura. En total ser\u00e1n once c\u00e1maras las que se instalen.<\/p>   <p>Los trabajos terminar\u00e1n antes de verano<\/p>   <p>El alcalde Toni P\u00e9rez ha destacado que Benidorm \u201csigue invirtiendo en este parque que es un gran pulm\u00f3n verde para la ciudad\u201d y recalcaba que, pese a que ya est\u00e1 acondicionado tras las primeras inversiones realizadas \u201cahora el objetivo fundamental es la prevenci\u00f3n de incendios\u201d. Para ello, ha indicado, se ejecutan \u201cpor un lado labores de limpieza, desbroce y retirada de arbolado que era susceptible de quemarse con rapidez y, por otro, la instalaci\u00f3n de c\u00e1maras antiincendios para su prevenci\u00f3n\u201d.<\/p>   <p>Ser\u00e1n, ha precisado, \u201conce c\u00e1maras alimentadas por energ\u00eda solar, conectadas de forma inal\u00e1mbrica con los servicios de seguridad y extinci\u00f3n de incendios para tener la mayor rapidez y diligencia en caso de necesidad\u201d.<\/p>   <p>La intervenci\u00f3n en su totalidad estar\u00e1 finalizada antes del verano, seg\u00fan ha confirmado el concejal de Parques y Jardines, Jos\u00e9 Ram\u00f3n Gonz\u00e1lez de Z\u00e1rate, que tambi\u00e9n ha avanzado que la instalaci\u00f3n de la doble v\u00eda del TRAM desde La Vila Joiosa hasta Benidorm a cargo de Ferrocarrils de la Generalitat Valenciana, que ya ha comenzado, \u201ctambi\u00e9n conllevar\u00e1 la renaturalizaci\u00f3n de todo el entorno de la v\u00eda del TRAM a su paso por El Moralet\u201d.<\/p> ","protected":false},"excerpt":{"rendered":"<p>Adem\u00e1s de las tareas selv\u00edcolas se instalar\u00e1n c\u00e1maras aut\u00f3nomas de prevenci\u00f3n conectadas con la central de control de Bomberos<\/p>\n","protected":false},"author":0,"featured_media":1936,"comment_status":"open","ping_status":"open","sticky":false,"template":"","format":"standard","meta":{"_acf_changed":false,"footnotes":""},"categories":[1],"tags":[],"class_list":["post-1935","post","type-post","status-publish","format-standard","has-post-thumbnail","hentry","category-sin-categoria"],"acf":{"ser_id":"PKOU3TBMVJC2DFTMCABIYPWQ4M","ser_url":"https:\/\/cadenaser.com\/comunitat-valenciana\/2024\/02\/01\/proteger-el-moralet-de-benidorm-de-incendios-objetivo-de-los-nuevos-trabajos-en-la-zona-radio-benidorm\/"},"_links":{"self":[{"href":"https:\/\/serbenidorm.daliisolutions.com\/index.php\/wp-json\/wp\/v2\/posts\/1935","targetHints":{"allow":["GET"]}}],"collection":[{"href":"https:\/\/serbenidorm.daliisolutions.com\/index.php\/wp-json\/wp\/v2\/posts"}],"about":[{"href":"https:\/\/serbenidorm.daliisolutions.com\/index.php\/wp-json\/wp\/v2\/types\/post"}],"replies":[{"embeddable":true,"href":"https:\/\/serbenidorm.daliisolutions.com\/index.php\/wp-json\/wp\/v2\/comments?post=1935"}],"version-history":[{"count":0,"href":"https:\/\/serbenidorm.daliisolutions.com\/index.php\/wp-json\/wp\/v2\/posts\/1935\/revisions"}],"wp:featuredmedia":[{"embeddable":true,"href":"https:\/\/serbenidorm.daliisolutions.com\/index.php\/wp-json\/wp\/v2\/media\/1936"}],"wp:attachment":[{"href":"https:\/\/serbenidorm.daliisolutions.com\/index.php\/wp-json\/wp\/v2\/media?parent=1935"}],"wp:term":[{"taxonomy":"category","embeddable":true,"href":"https:\/\/serbenidorm.daliisolutions.com\/index.php\/wp-json\/wp\/v2\/categories?post=1935"},{"taxonomy":"post_tag","embeddable":true,"href":"https:\/\/serbenidorm.daliisolutions.com\/index.php\/wp-json\/wp\/v2\/tags?post=1935"}],"curies":[{"name":"wp","href":"https:\/\/api.w.org\/{rel}","templated":true}]}}