{"id":1937,"date":"2024-02-01T15:02:11","date_gmt":"2024-02-01T14:02:11","guid":{"rendered":"https:\/\/serbenidorm.daliisolutions.com\/index.php\/2024\/02\/01\/pillado-in-fraganti-mientras-robaba-cable-de-cobre-en-las-vias-del-tram-a-la-altura-de-la-vila-joiosa\/"},"modified":"2024-02-01T15:02:11","modified_gmt":"2024-02-01T14:02:11","slug":"pillado-in-fraganti-mientras-robaba-cable-de-cobre-en-las-vias-del-tram-a-la-altura-de-la-vila-joiosa","status":"publish","type":"post","link":"https:\/\/serbenidorm.daliisolutions.com\/index.php\/2024\/02\/01\/pillado-in-fraganti-mientras-robaba-cable-de-cobre-en-las-vias-del-tram-a-la-altura-de-la-vila-joiosa\/","title":{"rendered":"Pillado in fraganti mientras robaba cable de cobre en las v\u00edas del Tram a la altura de La Vila Joiosa"},"content":{"rendered":"  <p>La Vila Joiosa<\/p>   <p>Hasta 35 kilogramos de cable es lo que la Guardia Civil de La Vila Joiosa ha conseguido recuperar en el marco de la <a href=\"https:\/\/cadenaser.com\/tag\/vila_joiosa\/a\/\" target=\"_blank\" rel=\"noopener\">operaci\u00f3n &#8216;Brecos&#8217;<\/a> y tras la detenci\u00f3n de un hombre de 31 a\u00f1os investigado por repetidos robos de este material en la localidad.<\/p>   <p>Todo empez\u00f3 cuando a finales del a\u00f1o pasado la benem\u00e9rita detect\u00f3 un incremento de las sustracciones de cable perteneciente al alumbrado p\u00fablico. El sospechoso, se descubri\u00f3 despu\u00e9s, acced\u00eda al cableado mediante la apertura de las arquetas que se sit\u00faan junto a las farolas y realizaba cortes en las secciones facilitando su extracci\u00f3n.<\/p>  <p><p class=\"tit\"><span>Hora 14 Benidorm (01\/02\/2024)<\/span><\/p> <p class=\"emb\"><iframe loading=\"lazy\" src=\"https:\/\/cadenaser.com\/embed\/audio\/460\/cadenaser_benidorm_hora14benidorm_20240201_141700_143000\/\" width=\"100%\" height=\"360\" frameborder=\"0\" allowfullscreen><\/iframe><\/p><\/p>   <p>Por parte de los investigadores se aumentaron las inspecciones en los centros de recuperaci\u00f3n de residuos. Adem\u00e1s, se reforzaron las vigilancias de las zonas susceptibles de robos, observando que, ante la presencia de los agentes, los hechos delictivos se trasladaron al cableado perteneciente a las v\u00edas de los ferrocarriles de la Generalitat, afectando a tramos del Tram entre La Vila y Finestrat.<\/p>  <p><p>M\u00e1s informaci\u00f3n<\/p><figure><img decoding=\"async\" src=\"https:\/\/cadenaser.com\/resizer\/cXMEfNzoqu1XeUU63ASe5MOKVuQ=\/650x366\/filters:quality(70)\/cloudfront-eu-central-1.images.arcpublishing.com\/prisaradio\/X3MSZS6EZ5AE7MLBOMCON75564.jpg\" loading=\"lazy\" width=\"828\" height=\"621\" \/><\/figure><ul><li><a href=\"https:\/\/cadenaser.com\/comunitat-valenciana\/2024\/01\/23\/la-vila-joiosa-pide-a-los-vecinos-opinion-para-el-plan-local-de-gestion-de-residuos-urbanos-radio-benidorm\/\">La Vila Joiosa pide opini\u00f3n a los vecinos para elaborar el Plan Local de Gesti\u00f3n de Residuos Urbanos<\/a><\/li><\/ul><\/p>   <p>Tras arduas labores de investigaci\u00f3n los agentes localizaron e identificaron al sospechoso in fraganti sustrayendo cableado del Tram en su paso por el hospital comarcal.<\/p>   <p>Gracias a la informaci\u00f3n recabada, explica el cuerpo, tambi\u00e9n se pudo averiguar que exist\u00edan otras personas relacionadas con el hecho. El detenido, para dificultar su identificaci\u00f3n, hab\u00eda estado vendiendo el cableado a nombre de otras dos personas que, a cambio de ceder su identidad, recib\u00edan un porcentaje de los beneficios. Estas dos personas, un hombre y una mujer de 19 y 41 a\u00f1os respectivamente, han sido investigadas por los delitos de receptaci\u00f3n y blanqueo de capitales.<\/p>   <p>Adem\u00e1s, los agentes observaron que el responsable de uno de los centros de recuperaci\u00f3n de residuos, un hombre de 55 a\u00f1os, no estaba colaborando con los investigadores a pesar de la evidencia que exist\u00eda de la procedencia il\u00edcita del cable, siendo investigado por un delito de receptaci\u00f3n.<\/p>   <p>Finalmente el detenido, al que se le imputan siete delitos de robo de cobre, ocho de hurto y un delito de usurpaci\u00f3n de estado civil, ha sido puesto a disposici\u00f3n del Juzgado de Instrucci\u00f3n n\u00ba1 de La Vila Joiosa, quien ha decretado su ingreso en prisi\u00f3n.<\/p> ","protected":false},"excerpt":{"rendered":"<p>Estaba siendo investigado despu\u00e9s de otras sustracciones en el alumbrado p\u00fablico de la localidad<\/p>\n","protected":false},"author":0,"featured_media":1938,"comment_status":"open","ping_status":"open","sticky":false,"template":"","format":"standard","meta":{"_acf_changed":false,"footnotes":""},"categories":[1],"tags":[],"class_list":["post-1937","post","type-post","status-publish","format-standard","has-post-thumbnail","hentry","category-sin-categoria"],"acf":{"ser_id":"5D53F6GMXNHWNIB6ZYMXPL7TDQ","ser_url":"https:\/\/cadenaser.com\/comunitat-valenciana\/2024\/02\/01\/pillado-in-fraganti-mientras-robaba-cable-de-cobre-en-las-vias-del-tram-a-la-altura-de-la-vila-joiosa-radio-benidorm\/"},"_links":{"self":[{"href":"https:\/\/serbenidorm.daliisolutions.com\/index.php\/wp-json\/wp\/v2\/posts\/1937","targetHints":{"allow":["GET"]}}],"collection":[{"href":"https:\/\/serbenidorm.daliisolutions.com\/index.php\/wp-json\/wp\/v2\/posts"}],"about":[{"href":"https:\/\/serbenidorm.daliisolutions.com\/index.php\/wp-json\/wp\/v2\/types\/post"}],"replies":[{"embeddable":true,"href":"https:\/\/serbenidorm.daliisolutions.com\/index.php\/wp-json\/wp\/v2\/comments?post=1937"}],"version-history":[{"count":0,"href":"https:\/\/serbenidorm.daliisolutions.com\/index.php\/wp-json\/wp\/v2\/posts\/1937\/revisions"}],"wp:featuredmedia":[{"embeddable":true,"href":"https:\/\/serbenidorm.daliisolutions.com\/index.php\/wp-json\/wp\/v2\/media\/1938"}],"wp:attachment":[{"href":"https:\/\/serbenidorm.daliisolutions.com\/index.php\/wp-json\/wp\/v2\/media?parent=1937"}],"wp:term":[{"taxonomy":"category","embeddable":true,"href":"https:\/\/serbenidorm.daliisolutions.com\/index.php\/wp-json\/wp\/v2\/categories?post=1937"},{"taxonomy":"post_tag","embeddable":true,"href":"https:\/\/serbenidorm.daliisolutions.com\/index.php\/wp-json\/wp\/v2\/tags?post=1937"}],"curies":[{"name":"wp","href":"https:\/\/api.w.org\/{rel}","templated":true}]}}