{"id":19520,"date":"2025-10-31T09:07:59","date_gmt":"2025-10-31T08:07:59","guid":{"rendered":"https:\/\/serbenidorm.daliisolutions.com\/index.php\/2025\/10\/31\/la-vivienda-en-benidorm-todavia-mas-cara-un-piso-de-80-metros-cuesta-305-000-euros\/"},"modified":"2025-10-31T09:07:59","modified_gmt":"2025-10-31T08:07:59","slug":"la-vivienda-en-benidorm-todavia-mas-cara-un-piso-de-80-metros-cuesta-305-000-euros","status":"publish","type":"post","link":"https:\/\/serbenidorm.daliisolutions.com\/index.php\/2025\/10\/31\/la-vivienda-en-benidorm-todavia-mas-cara-un-piso-de-80-metros-cuesta-305-000-euros\/","title":{"rendered":"La vivienda en Benidorm, todav\u00eda m\u00e1s cara: un piso de 80 metros cuesta 305.000 euros"},"content":{"rendered":" <p>El precio de la vivienda en Benidorm sigue sin tocar techo y seg\u00fan el \u00faltimo informe nacional del portal inmobiliario Fotocasa el precio de una casa de segunda mano y 80 metros cuadrados en la ciudad alcanza ya de media los 305.000 euros, muy por encima de los 200.000 de la Comunitat Valenciana y los 223.000 del conjunto de Espa\u00f1a.<\/p>  <p>Ese precio en la capital tur\u00edstica significa un incremento del 12,3% en solo un a\u00f1o y la sit\u00faa como la cuarta localidad m\u00e1s cara de la Comunitat (3.824 \u20ac\/m\u00b2). <a href=\"https:\/\/cadenaser.com\/tag\/benidorm\/a\/\" target=\"_blank\" rel=\"nofollow\" title=\"https:\/\/cadenaser.com\/tag\/benidorm\/a\/\">La primera, todav\u00eda m\u00e1s costosa, es l\u2019Alf\u00e0s del Pi: una vivienda de 80 metros llega de media a 382.000 euros<\/a>. Otro dato destacado es el de Altea, 286.000 euros por ese mismo tama\u00f1o.<\/p>  <p>En las tres provincias sube el precio interanual de la vivienda en el mes de octubre. El orden de mayor a menor es: Valencia (26,3%), Castell\u00f3n (21,2%) y Alicante (17,8%).<\/p>  <p>En cuanto a los precios Alicante y Valencia son las \u00fanicas que han superado los 2.000 euros por metro cuadrado. El orden del precio de mayor a menor es: Alicante con 2.785 euros\/m<sup>2<\/sup>, Valencia con 2.280 euros\/m<sup>2<\/sup>y Castell\u00f3n con 1.718 euros\/m<sup>2<\/sup>.<\/p>  <p>\u201cEl precio de la vivienda de segunda mano ha experimentado un crecimiento sostenido y de gran intensidad en los \u00faltimos a\u00f1os, impulsado por el fuerte desequilibrio entre una demanda muy activa y una oferta estructuralmente limitada. Actualmente, el valor medio se sit\u00faa a tan solo un 5,5% de los m\u00e1ximos hist\u00f3ricos registrados en 2007, cuando el mercado alcanz\u00f3 el punto \u00e1lgido de la burbuja con una vivienda tipo de 80m\u00b2 valorada en 236.160 euros. Hoy, esa misma vivienda se oferta por 223.129 euros, lo que refleja un avance interanual del 18% y confirma que los precios nunca hab\u00edan estado tan tensionados como en este periodo\u201d, explica Mar\u00eda Matos, directora de Estudios y portavoz de Fotocasa. <\/p>  <p><\/p> ","protected":false},"excerpt":{"rendered":"<p>El precio de la compra de segunda mano ha crecido un 12,3% en el \u00faltimo a\u00f1o seg\u00fan Fotocasa<\/p>\n","protected":false},"author":0,"featured_media":19521,"comment_status":"","ping_status":"open","sticky":false,"template":"","format":"standard","meta":{"_acf_changed":false,"footnotes":""},"categories":[1],"tags":[],"class_list":["post-19520","post","type-post","status-publish","format-standard","has-post-thumbnail","hentry","category-sin-categoria"],"acf":{"ser_id":"43IIBKEQ3NEGDIKNH6KNWNZGUE","ser_url":"https:\/\/cadenaser.com\/comunitat-valenciana\/2025\/10\/30\/la-vivienda-en-benidorm-todavia-mas-cara-un-piso-de-80-metros-cuesta-305000-euros-radio-benidorm\/"},"_links":{"self":[{"href":"https:\/\/serbenidorm.daliisolutions.com\/index.php\/wp-json\/wp\/v2\/posts\/19520","targetHints":{"allow":["GET"]}}],"collection":[{"href":"https:\/\/serbenidorm.daliisolutions.com\/index.php\/wp-json\/wp\/v2\/posts"}],"about":[{"href":"https:\/\/serbenidorm.daliisolutions.com\/index.php\/wp-json\/wp\/v2\/types\/post"}],"replies":[{"embeddable":true,"href":"https:\/\/serbenidorm.daliisolutions.com\/index.php\/wp-json\/wp\/v2\/comments?post=19520"}],"version-history":[{"count":0,"href":"https:\/\/serbenidorm.daliisolutions.com\/index.php\/wp-json\/wp\/v2\/posts\/19520\/revisions"}],"wp:featuredmedia":[{"embeddable":true,"href":"https:\/\/serbenidorm.daliisolutions.com\/index.php\/wp-json\/wp\/v2\/media\/19521"}],"wp:attachment":[{"href":"https:\/\/serbenidorm.daliisolutions.com\/index.php\/wp-json\/wp\/v2\/media?parent=19520"}],"wp:term":[{"taxonomy":"category","embeddable":true,"href":"https:\/\/serbenidorm.daliisolutions.com\/index.php\/wp-json\/wp\/v2\/categories?post=19520"},{"taxonomy":"post_tag","embeddable":true,"href":"https:\/\/serbenidorm.daliisolutions.com\/index.php\/wp-json\/wp\/v2\/tags?post=19520"}],"curies":[{"name":"wp","href":"https:\/\/api.w.org\/{rel}","templated":true}]}}