{"id":19522,"date":"2025-10-31T09:08:01","date_gmt":"2025-10-31T08:08:01","guid":{"rendered":"https:\/\/serbenidorm.daliisolutions.com\/index.php\/2025\/10\/31\/benidorm-y-la-marina-baixa-recuerdan-a-las-victimas-en-el-primer-aniversario-de-la-dana-de-valencia\/"},"modified":"2025-10-31T09:08:01","modified_gmt":"2025-10-31T08:08:01","slug":"benidorm-y-la-marina-baixa-recuerdan-a-las-victimas-en-el-primer-aniversario-de-la-dana-de-valencia","status":"publish","type":"post","link":"https:\/\/serbenidorm.daliisolutions.com\/index.php\/2025\/10\/31\/benidorm-y-la-marina-baixa-recuerdan-a-las-victimas-en-el-primer-aniversario-de-la-dana-de-valencia\/","title":{"rendered":"Benidorm y la Marina Baixa recuerdan a las v\u00edctimas en el primer aniversario de la DANA de Valencia"},"content":{"rendered":" <p>Los ayuntamientos de la Marina Baixa han guardado este mediod\u00eda un minuto de silencio en memoria de las v\u00edctimas de cat\u00e1strofe que hace ahora un a\u00f1o caus\u00f3 la muerte de 229 de ellas por la riada que se registr\u00f3 en la provincia de Valencia. Una convocatoria lanzada por la Federaci\u00f3n Valenciana de Municipios y Provincias (FVMP).<\/p>  <p>En Benidorm la concentraci\u00f3n silenciosa ha tenido lugar en la plaza de SS MM los Reyes de Espa\u00f1a y ha estado encabezada por la primera teniente alcalde, <a href=\"https:\/\/cadenaser.com\/tag\/benidorm\/a\/\" target=\"_blank\" rel=\"nofollow\" title=\"https:\/\/cadenaser.com\/tag\/benidorm\/a\/\">Ana Pellicer<\/a>, junto a una amplia representaci\u00f3n de la Corporaci\u00f3n municipal y numerosos ciudadanos, que han mostrado as\u00ed su respeto y recuerdo a las v\u00edctimas y a todas las personas afectadas. <\/p>  <p>Minuto de silencio que se ha replicado en Altea, Villajoyosa, La Nuc\u00eda o Finestrat. En coherencia con el luto oficial declarado por el Consell de la Generalitat Valenciana para el d\u00eda de hoy, las banderas de los edificios municipales ondean a media asta durante toda la jornada.<\/p> ","protected":false},"excerpt":{"rendered":"<p>Minuto de silencio en todos los ayuntamientos a mediod\u00eda<\/p>\n","protected":false},"author":0,"featured_media":19523,"comment_status":"","ping_status":"open","sticky":false,"template":"","format":"standard","meta":{"_acf_changed":false,"footnotes":""},"categories":[1],"tags":[],"class_list":["post-19522","post","type-post","status-publish","format-standard","has-post-thumbnail","hentry","category-sin-categoria"],"acf":{"ser_id":"BW2U5RPMFRHOPKFGR2LRZ2DOTM","ser_url":"https:\/\/cadenaser.com\/comunitat-valenciana\/2025\/10\/29\/benidorm-y-la-marina-baixa-recuerdan-a-las-victimas-en-el-primer-aniversario-de-la-dana-de-valencia-radio-benidorm\/"},"_links":{"self":[{"href":"https:\/\/serbenidorm.daliisolutions.com\/index.php\/wp-json\/wp\/v2\/posts\/19522","targetHints":{"allow":["GET"]}}],"collection":[{"href":"https:\/\/serbenidorm.daliisolutions.com\/index.php\/wp-json\/wp\/v2\/posts"}],"about":[{"href":"https:\/\/serbenidorm.daliisolutions.com\/index.php\/wp-json\/wp\/v2\/types\/post"}],"replies":[{"embeddable":true,"href":"https:\/\/serbenidorm.daliisolutions.com\/index.php\/wp-json\/wp\/v2\/comments?post=19522"}],"version-history":[{"count":0,"href":"https:\/\/serbenidorm.daliisolutions.com\/index.php\/wp-json\/wp\/v2\/posts\/19522\/revisions"}],"wp:featuredmedia":[{"embeddable":true,"href":"https:\/\/serbenidorm.daliisolutions.com\/index.php\/wp-json\/wp\/v2\/media\/19523"}],"wp:attachment":[{"href":"https:\/\/serbenidorm.daliisolutions.com\/index.php\/wp-json\/wp\/v2\/media?parent=19522"}],"wp:term":[{"taxonomy":"category","embeddable":true,"href":"https:\/\/serbenidorm.daliisolutions.com\/index.php\/wp-json\/wp\/v2\/categories?post=19522"},{"taxonomy":"post_tag","embeddable":true,"href":"https:\/\/serbenidorm.daliisolutions.com\/index.php\/wp-json\/wp\/v2\/tags?post=19522"}],"curies":[{"name":"wp","href":"https:\/\/api.w.org\/{rel}","templated":true}]}}