{"id":19526,"date":"2025-10-31T09:08:01","date_gmt":"2025-10-31T08:08:01","guid":{"rendered":"https:\/\/serbenidorm.daliisolutions.com\/index.php\/2025\/10\/31\/cinco-millones-de-cupones-de-la-once-celebraran-las-fiestas-de-benidorm-por-primera-vez\/"},"modified":"2025-10-31T09:08:01","modified_gmt":"2025-10-31T08:08:01","slug":"cinco-millones-de-cupones-de-la-once-celebraran-las-fiestas-de-benidorm-por-primera-vez","status":"publish","type":"post","link":"https:\/\/serbenidorm.daliisolutions.com\/index.php\/2025\/10\/31\/cinco-millones-de-cupones-de-la-once-celebraran-las-fiestas-de-benidorm-por-primera-vez\/","title":{"rendered":"Cinco millones de cupones de la ONCE celebrar\u00e1n las Fiestas de Benidorm por primera vez"},"content":{"rendered":" <p>Las Festes Majors Patronals de Benidorm son protagonistas del cup\u00f3n especial emitido por la Organizaci\u00f3n Nacional de Ciegos de Espa\u00f1a, ONCE, que <a href=\"https:\/\/cadenaser.com\/tag\/benidorm\/a\/\" target=\"_blank\" rel=\"nofollow\" title=\"https:\/\/cadenaser.com\/tag\/benidorm\/a\/\">se sortear\u00e1 el pr\u00f3ximo el lunes 10 de noviembre<\/a>, en plena celebraci\u00f3n de los d\u00edas grandes de la ciudad. <\/p>  <p>El cup\u00f3n se ha presentado p\u00fablicamente este mi\u00e9rcoles en el Sal\u00f3n de Plenos municipal, en un acto en el que han participado el alcalde de la ciudad, Toni P\u00e9rez; la directora de la ONCE en Alicante, Estela Medina; el director en la Marina Baixa, Vicente V\u00e1zquez; y numerosos miembros de la Corporaci\u00f3n municipal, representantes de la ONCE as\u00ed como de entidades festeras, sociales y culturales del municipio. Entre ellas, las reinas de las Festes Majors Patronals 2025, Paula Pascual S\u00e1nchez y Aitana P\u00e9rez Guti\u00e9rrez. &nbsp;<\/p>  <blockquote class=\"twitter-tweet\"><p lang=\"es\" dir=\"ltr\">\ud83d\udd25 Cinco millones de cupones de la ONCE celebrar\u00e1n las Fiestas de Benidorm por primera vez<a href=\"https:\/\/t.co\/pJwHoKEmG9\">https:\/\/t.co\/pJwHoKEmG9<\/a> <a href=\"https:\/\/t.co\/BxarqXHhym\">pic.twitter.com\/BxarqXHhym<\/a><\/p>&mdash; Radio Benidorm (@RadioBenidorm) <a href=\"https:\/\/twitter.com\/RadioBenidorm\/status\/1983599298500817109?ref_src=twsrc%5Etfw\">October 29, 2025<\/a><\/blockquote>\n&lt;\/script&gt;\n\n  <p>Una imagen de la Escenificaci\u00f3n del Hallazgo de la Mare de D\u00e9u, declarada Fiesta de Inter\u00e9s Tur\u00edstico Auton\u00f3mico de la Comunitat Valenciana y que representa todos los a\u00f1os sobre la arena de la playa de Poniente la Asociaci\u00f3n Cultural y Recreativa La Barqueta, es la imagen central de este cup\u00f3n, que ya est\u00e1 a la venta. En total, se han emitido cinco millones de boletos para animar a visitar la localidad y vivir y conocer en primera persona sus fiestas, que se celebran del 8 al 12 de noviembre, en honor a la Virgen del Sufragio y San Jaime Ap\u00f3stol. <\/p>  <p>El director de la ONCE en la ciudad, Vicente V\u00e1zquez, ha destacado que este cup\u00f3n aspira a \u201chacer visible a Benidorm en toda Espa\u00f1a y tambi\u00e9n a ocupar un espacio en el coraz\u00f3n de los benidormenses, que a modo de recuerdo y por qu\u00e9 no de premio, podr\u00e1n guardar un trozo de la historia en su bolsillo\u201d. <\/p>  <p>El Cup\u00f3n Diario pone en juego un premio de 500.000 euros al n\u00famero m\u00e1s la serie y 49 premios de 35.000 euros a las cinco cifras del n\u00famero premiado. Adem\u00e1s, 450 premios de 250 euros a las cuatro primeras cifras y otros 450 premios a las cuatro \u00faltimas; 9.000 premios de 25 euros en el caso de tres \u00faltimas o tres primeras; y lo mismo para las dos primeras y \u00faltimas (6 euros) y reintegro de 2 euros a la primera o la \u00faltima cifra del n\u00famero premiado.<\/p>  <p><\/p> ","protected":false},"excerpt":{"rendered":"<p>Cup\u00f3n diario del lunes 10 de noviembre con la imagen del Hallazgo<\/p>\n","protected":false},"author":0,"featured_media":19527,"comment_status":"","ping_status":"open","sticky":false,"template":"","format":"standard","meta":{"_acf_changed":false,"footnotes":""},"categories":[1],"tags":[],"class_list":["post-19526","post","type-post","status-publish","format-standard","has-post-thumbnail","hentry","category-sin-categoria"],"acf":{"ser_id":"J5TINI6T5RFIXJC55BFZ52DX2A","ser_url":"https:\/\/cadenaser.com\/comunitat-valenciana\/2025\/10\/29\/cinco-millones-de-cupones-de-la-once-celebraran-las-fiestas-de-benidorm-por-primera-vez-radio-benidorm\/"},"_links":{"self":[{"href":"https:\/\/serbenidorm.daliisolutions.com\/index.php\/wp-json\/wp\/v2\/posts\/19526","targetHints":{"allow":["GET"]}}],"collection":[{"href":"https:\/\/serbenidorm.daliisolutions.com\/index.php\/wp-json\/wp\/v2\/posts"}],"about":[{"href":"https:\/\/serbenidorm.daliisolutions.com\/index.php\/wp-json\/wp\/v2\/types\/post"}],"replies":[{"embeddable":true,"href":"https:\/\/serbenidorm.daliisolutions.com\/index.php\/wp-json\/wp\/v2\/comments?post=19526"}],"version-history":[{"count":0,"href":"https:\/\/serbenidorm.daliisolutions.com\/index.php\/wp-json\/wp\/v2\/posts\/19526\/revisions"}],"wp:featuredmedia":[{"embeddable":true,"href":"https:\/\/serbenidorm.daliisolutions.com\/index.php\/wp-json\/wp\/v2\/media\/19527"}],"wp:attachment":[{"href":"https:\/\/serbenidorm.daliisolutions.com\/index.php\/wp-json\/wp\/v2\/media?parent=19526"}],"wp:term":[{"taxonomy":"category","embeddable":true,"href":"https:\/\/serbenidorm.daliisolutions.com\/index.php\/wp-json\/wp\/v2\/categories?post=19526"},{"taxonomy":"post_tag","embeddable":true,"href":"https:\/\/serbenidorm.daliisolutions.com\/index.php\/wp-json\/wp\/v2\/tags?post=19526"}],"curies":[{"name":"wp","href":"https:\/\/api.w.org\/{rel}","templated":true}]}}