{"id":19528,"date":"2025-10-31T09:08:02","date_gmt":"2025-10-31T08:08:02","guid":{"rendered":"https:\/\/serbenidorm.daliisolutions.com\/index.php\/2025\/10\/31\/asi-ha-recibido-jose-luis-sarrio-el-vecino-ejemplar-de-benidorm-2025\/"},"modified":"2025-10-31T09:08:02","modified_gmt":"2025-10-31T08:08:02","slug":"asi-ha-recibido-jose-luis-sarrio-el-vecino-ejemplar-de-benidorm-2025","status":"publish","type":"post","link":"https:\/\/serbenidorm.daliisolutions.com\/index.php\/2025\/10\/31\/asi-ha-recibido-jose-luis-sarrio-el-vecino-ejemplar-de-benidorm-2025\/","title":{"rendered":"As\u00ed ha recibido Jos\u00e9 Lu\u00eds Sarri\u00f3 el Vecino Ejemplar de Benidorm 2025"},"content":{"rendered":" <p>Jos\u00e9 Luis Sarri\u00f3 Garc\u00eda es desde hoy el Vecino Ejemplar de Benidorm, una distinci\u00f3n que este martes le han entregado el Ayuntamiento de la ciudad y el Consejo Vecinal como reconocimiento a su labor durante los casi 40 a\u00f1os que ejerci\u00f3 como m\u00e9dico, as\u00ed como su colaboraci\u00f3n altruista con entidades como C\u00e1ritas o el Club de Leones. La entrega de la distinci\u00f3n ha tenido lugar en un acto que ha reunido a una numerosa representaci\u00f3n de la corporaci\u00f3n municipal y de la sociedad civil benidormense.<\/p>  <p>El premio Vecino Ejemplar es un reconocimiento con el que el Consistorio premia cada a\u00f1o a las personas \u201cen las que concurren valores personales, c\u00edvicos y \u00e9ticos destacados y destacables\u201d que pueden servir de referencia e inspiraci\u00f3n a para otros ciudadanos.<\/p>  <p>Tras la entrega del premio, ha sido Aurora Camps, la nieta de Sarri\u00f3 quien se ha dirigido a los presentes para expresar \u201cel sincero agradecimiento\u201d por el galard\u00f3n \u201cque representa mucho m\u00e1s que un homenaje\u201d. Ha dicho que su abuelo es \u201cel reflejo de una vida dedicada al servicio y al compromiso hacia los dem\u00e1s\u201d y ha agradecido al Consejo Vecinal \u201cpor mantener viva la iniciativa\u201d y al jurado \u201cpor valorar la trayectoria de mi abuelo\u201d. Tambi\u00e9n ha tenido una \u201cmenci\u00f3n especial\u201d para los impulsores de la candidatura; Juan Fuster, Jaime Fuster y Juan Antonio Espinosa, \u201camigos y compa\u00f1eros de vida\u201d.<\/p>  <p>\u201cCelebramos una vida dedicada al servicio, una vida que ha dejado huella en cientos de personas. El \u2018metge\u2019, el doctor Sarri\u00f3, para quien servir a los dem\u00e1s era y es su forma de vivir. Siempre ayudando sin hacer ruido\u201d ha afirmado la nieta del homenajeado. Aurora ha resaltado de su abuelo que \u201cle define su amor por Benidorm\u201d y que \u201ccon su silencio ense\u00f1a m\u00e1s que muchos con mil palabras\u201d. \u201cPara \u00e9l, la grandeza est\u00e1 en lo cotidiano, en estar y en dar\u201d ha apostillado. Por todo ello, le ha mostrado su gratitud \u201cpor ense\u00f1arnos que el respeto, la bondad y la entrega no se heredan, se aprenden. Hoy te aplaudimos con el coraz\u00f3n lleno de orgullo\u201d.<\/p>  <p>Jos\u00e9 Luis Sarri\u00f3 ha querido tambi\u00e9n dirigirse a los presentes para lanzar unas palabras de agradecimiento \u201ca todos los que est\u00e1is aqu\u00ed y al pueblo de Benidorm\u201d.<\/p>  <p>Desde que se puso en marcha esta distinci\u00f3n ciudadana, el Premio Vecino Ejemplar ha reconocido la trayectoria y valores de benidormenses como Francisco Fenoll Rostoll (2011), Antonio Gonzaga Pic\u00f3 (2012), Francisco Alvado Barber (2013), Carmen Cerd\u00e1 Garrido (2014), Mar\u00eda Rosa Gonz\u00e1lez Mata-Rubio y Juan Jos\u00e9 Garc\u00eda Albarr\u00e1n (a t\u00edtulo p\u00f3stumo en 2015), Casimiro Vila Esteban (2016), Eusebi Chiner Vives (2017), Mar\u00eda Zaragoza Lloret (2018), Jes\u00fas Rosillo Jim\u00e9nez (2019), B\u00e1rbara P\u00e9rez Llinares \u2013Mar\u00eda del Sufragio\u2013 (2023) y \u00c1ngel Olmo Quesada (2024). <\/p>  <p>Jos\u00e9 Luis Sarri\u00f3 Garc\u00eda naci\u00f3 en el municipio alicantino de Beneixama, el 7 de marzo de 1934, en el seno de una familia profundamente vinculada a la Medicina. Hijo de Leandro Sarri\u00f3 P\u00e9rez, m\u00e9dico titular de Benidorm entre los a\u00f1os 1958 y 1967, y nieto de m\u00e9dico por parte materna, hered\u00f3 la vocaci\u00f3n de servicio que ha marcado toda su vida. <\/p>  <p>Se licenci\u00f3 en Medicina, con especialidad en Traumatolog\u00eda, en la Universidad de Valencia en el a\u00f1o 1960. Desde su llegada a Benidorm en 1958, su vida ha estado dedicada al cuidado de los dem\u00e1s. En los a\u00f1os 60, cuando Benidorm comenzaba su transformaci\u00f3n tur\u00edstica, Jos\u00e9 Luis asume con entrega y humanidad el reto de atender a una poblaci\u00f3n creciente, apoyando a su padre en el ejercicio de su profesi\u00f3n. En 1966, a ra\u00edz de su matrimonio y tras la jubilaci\u00f3n de su padre, se establece definitivamente en la ciudad, continuando con la labor m\u00e9dica y humanitaria que su familia hab\u00eda iniciado, destacando su trato cercano, empat\u00eda y vocaci\u00f3n de servicio.<\/p>  <p>Ejerce como m\u00e9dico general en el ambulatorio Virgen del Sufragio desde su inauguraci\u00f3n en 1976. A medida que pasan los a\u00f1os su cupo de pacientes se va incrementando, llegando a alcanzar un n\u00famero por encima de los 150 y sobrepasando el cupo asignado a cualquier otro m\u00e9dico. Adem\u00e1s, ofrec\u00eda atenci\u00f3n m\u00e9dica particular en su consulta de la calle Gambo y atend\u00eda urgencias en la entonces denominada Cl\u00ednica Virgen de F\u00e1tima. <\/p>  <p>En su af\u00e1n por ampliar conocimientos y ante el crecimiento del sector tur\u00edstico, se titula en Medicina de Empresa, prestando servicio a numerosos trabajadores del grupo Rumasa y del Ayuntamiento de Benidorm, as\u00ed como a vecinos y turistas hasta su jubilaci\u00f3n, a la edad de 70 a\u00f1os.<\/p>  <p>Tambi\u00e9n participa en proyectos de car\u00e1cter social, como los que realiza el Club de Leones de Benidorm, organizaci\u00f3n sin \u00e1nimo de lucro dedicada al servicio humanitario, a la que entr\u00f3 a formar parte junto a su mujer, Fanny, presidi\u00e9ndola en los a\u00f1os 1991 y 1992 y de la que a\u00fan sigue siendo miembro. Durante este tiempo de trabajo al servicio de esta organizaci\u00f3n se abordan proyectos tan importantes como el Parque Infantil de Tr\u00e1fico de Benidorm y el programa de perros gu\u00eda para invidentes, junto a m\u00faltiples ayudas a personas necesitadas.<\/p>  <p>Tras una larga enfermedad de su mujer y sobrevenido su fallecimiento en 2014, entra a formar parte de Caritas, ejerciendo su labor solidaria en la Parroquia de Nuestra Se\u00f1ora del Mar de Benidorm hasta la pandemia de 2020.<\/p>  <p>Su gran afici\u00f3n, ha sido la colombicultura, formando parte activa de la Sociedad Colombicultora \u00abLa Isla\u00bb de Benidorm, historia de la colombicultura en la localidad. Tambi\u00e9n particip\u00f3 en la creaci\u00f3n de la Sociedad Colombicultora Sierra Helada de la que es miembro fundador. En ambas entidades ha ejercido como presidente, promoviendo la convivencia y el respeto a trav\u00e9s de este deporte.<\/p>  <p>Desde sus inicios, acompa\u00f1ado por su gran amigo Jaume Fuster Llorca, tambi\u00e9n ha sido asiduo participante en la \u00abTaula del Bon Profit\u00bb, una emblem\u00e1tica tradici\u00f3n benidormense que perdura desde 1972. <\/p> ","protected":false},"excerpt":{"rendered":"<p>Reconocimiento a su labor durante los casi 40 a\u00f1os que ejerci\u00f3 como m\u00e9dico<\/p>\n","protected":false},"author":0,"featured_media":19529,"comment_status":"","ping_status":"open","sticky":false,"template":"","format":"standard","meta":{"_acf_changed":false,"footnotes":""},"categories":[1],"tags":[],"class_list":["post-19528","post","type-post","status-publish","format-standard","has-post-thumbnail","hentry","category-sin-categoria"],"acf":{"ser_id":"FNHBVHVYF5CPRGYLN3S3AM4Y5Q","ser_url":"https:\/\/cadenaser.com\/comunitat-valenciana\/2025\/10\/28\/asi-ha-recibido-jose-luis-sarrio-el-vecino-ejemplar-de-benidorm-2025-radio-benidorm\/"},"_links":{"self":[{"href":"https:\/\/serbenidorm.daliisolutions.com\/index.php\/wp-json\/wp\/v2\/posts\/19528","targetHints":{"allow":["GET"]}}],"collection":[{"href":"https:\/\/serbenidorm.daliisolutions.com\/index.php\/wp-json\/wp\/v2\/posts"}],"about":[{"href":"https:\/\/serbenidorm.daliisolutions.com\/index.php\/wp-json\/wp\/v2\/types\/post"}],"replies":[{"embeddable":true,"href":"https:\/\/serbenidorm.daliisolutions.com\/index.php\/wp-json\/wp\/v2\/comments?post=19528"}],"version-history":[{"count":0,"href":"https:\/\/serbenidorm.daliisolutions.com\/index.php\/wp-json\/wp\/v2\/posts\/19528\/revisions"}],"wp:featuredmedia":[{"embeddable":true,"href":"https:\/\/serbenidorm.daliisolutions.com\/index.php\/wp-json\/wp\/v2\/media\/19529"}],"wp:attachment":[{"href":"https:\/\/serbenidorm.daliisolutions.com\/index.php\/wp-json\/wp\/v2\/media?parent=19528"}],"wp:term":[{"taxonomy":"category","embeddable":true,"href":"https:\/\/serbenidorm.daliisolutions.com\/index.php\/wp-json\/wp\/v2\/categories?post=19528"},{"taxonomy":"post_tag","embeddable":true,"href":"https:\/\/serbenidorm.daliisolutions.com\/index.php\/wp-json\/wp\/v2\/tags?post=19528"}],"curies":[{"name":"wp","href":"https:\/\/api.w.org\/{rel}","templated":true}]}}