{"id":19530,"date":"2025-10-31T09:08:03","date_gmt":"2025-10-31T08:08:03","guid":{"rendered":"https:\/\/serbenidorm.daliisolutions.com\/index.php\/2025\/10\/31\/el-balonmano-servigroup-benidorm-aplaza-su-partido-ante-el-agustinos\/"},"modified":"2025-10-31T09:08:03","modified_gmt":"2025-10-31T08:08:03","slug":"el-balonmano-servigroup-benidorm-aplaza-su-partido-ante-el-agustinos","status":"publish","type":"post","link":"https:\/\/serbenidorm.daliisolutions.com\/index.php\/2025\/10\/31\/el-balonmano-servigroup-benidorm-aplaza-su-partido-ante-el-agustinos\/","title":{"rendered":"El Balonmano Servigroup Benidorm aplaza su partido ante el Agustinos"},"content":{"rendered":" <p>El Balonmano Servigroup Benidorm afronta una recta final del a\u00f1o cargada de compromisos despu\u00e9s de haber aplazado el partido de liga inicialmente previsto para este fin de semana ante el l\u00edder de la clasificaci\u00f3n, el Agustinos Alicante, as\u00ed como su choque de primera ronda de la Copa del Rey ante el Trops M\u00e1laga que se deb\u00eda disputar en tierras andaluzas el d\u00eda 5 de noviembre.<\/p>  <p>El equipo de Marko Krivokapic solitic\u00f3 el aplazamiento del derbi provincial ante Agustinos Alicante despu\u00e9s de que varios de sus jugadores fueran convocados por sus respectivas selecciones nacionales para el pr\u00f3ximo fin de semana, por lo que ese choque se disputar\u00e1 finalmente el mi\u00e9rcoles 19 de noviembre (20:00 horas) en el Palau d\u2019Esports l\u2019Illa de Benidorm.<\/p>  <p>De la misma manera, aunque esta vez solicitado por el equipo rival, se ha aplazado el compromiso de Copa del Rey previsto para el d\u00eda 5 de noviembre y correspondiente a la primera ronda del torneo del KO ante el Trops M\u00e1laga. En este caso, todav\u00eda se est\u00e1 a la espera de que la Real Federaci\u00f3n Espa\u00f1ola de Balonmano designe una nueva fecha.<\/p>  <p>Marko Krivokapic explica que el aplazamiento del derbi provincial ante el l\u00edder de la Divisi\u00f3n de Honor Plata del balonmano nacional \u201cpor una parte, nos viene muy bien; pero muy mal por otra parte\u201d. <\/p>  <p>El preparador serbio reconoce que, si bien despejar este fin de semana va a permitir a la plantilla disfrutar de una semana de descanso competitivo tras un arranque liguero muy intenso, tambi\u00e9n obligar\u00e1 a \u201ctener un mes de noviembre muy cargado de partidos para un equipo de Plata. Es verdad que ahora vamos a poder descansar y trabajar bien otras cosas, pero durante el mes de noviembre vamos a tener cinco o seis partidos y eso es mucho para cualquier equipo\u201d.<\/p>  <p>En cuanto al duelo copero ante el Trops M\u00e1laga, Kirvokapic admite que \u201cla Copa es una competici\u00f3n muy bonita, pero es otro partido que vamos a tener que aplazar a petici\u00f3n del M\u00e1laga. Ese partido tambi\u00e9n lo tendremos que jugar m\u00e1s tarde y si nos lo ponen en noviembre, sumaremos uno m\u00e1s\u201d.<\/p>  <p>Todo ello supone, explica el entrenador del Balonmano Servigroup Benidorm, \u201cun desgaste duro\u201d. Sobre todo porque \u201csi juegas en casa es diferente, pero ahora tendremos que viajar a M\u00e1laga, competir entre dos partidos de liga\u2026 pero todo esto lo sab\u00edamos antes de empezar la temporada y ahora nos tendremos que organizar lo mejor posible\u201d.<\/p> ","protected":false},"excerpt":{"rendered":"<p>El equipo de Marko Krivokapic tambi\u00e9n retrasa su primer choque de Copa del Rey ante el M\u00e1laga<\/p>\n","protected":false},"author":0,"featured_media":19531,"comment_status":"","ping_status":"open","sticky":false,"template":"","format":"standard","meta":{"_acf_changed":false,"footnotes":""},"categories":[16],"tags":[],"class_list":["post-19530","post","type-post","status-publish","format-standard","has-post-thumbnail","hentry","category-deportes"],"acf":{"ser_id":"KIICEZ74FFCQDFH7ZDCTFZUHNE","ser_url":"https:\/\/cadenaser.com\/comunitat-valenciana\/2025\/10\/28\/el-balonmano-servigroup-benidorm-aplaza-su-partido-ante-el-agustinos-radio-benidorm\/"},"_links":{"self":[{"href":"https:\/\/serbenidorm.daliisolutions.com\/index.php\/wp-json\/wp\/v2\/posts\/19530","targetHints":{"allow":["GET"]}}],"collection":[{"href":"https:\/\/serbenidorm.daliisolutions.com\/index.php\/wp-json\/wp\/v2\/posts"}],"about":[{"href":"https:\/\/serbenidorm.daliisolutions.com\/index.php\/wp-json\/wp\/v2\/types\/post"}],"replies":[{"embeddable":true,"href":"https:\/\/serbenidorm.daliisolutions.com\/index.php\/wp-json\/wp\/v2\/comments?post=19530"}],"version-history":[{"count":0,"href":"https:\/\/serbenidorm.daliisolutions.com\/index.php\/wp-json\/wp\/v2\/posts\/19530\/revisions"}],"wp:featuredmedia":[{"embeddable":true,"href":"https:\/\/serbenidorm.daliisolutions.com\/index.php\/wp-json\/wp\/v2\/media\/19531"}],"wp:attachment":[{"href":"https:\/\/serbenidorm.daliisolutions.com\/index.php\/wp-json\/wp\/v2\/media?parent=19530"}],"wp:term":[{"taxonomy":"category","embeddable":true,"href":"https:\/\/serbenidorm.daliisolutions.com\/index.php\/wp-json\/wp\/v2\/categories?post=19530"},{"taxonomy":"post_tag","embeddable":true,"href":"https:\/\/serbenidorm.daliisolutions.com\/index.php\/wp-json\/wp\/v2\/tags?post=19530"}],"curies":[{"name":"wp","href":"https:\/\/api.w.org\/{rel}","templated":true}]}}