{"id":19532,"date":"2025-10-31T09:08:03","date_gmt":"2025-10-31T08:08:03","guid":{"rendered":"https:\/\/serbenidorm.daliisolutions.com\/index.php\/2025\/10\/31\/el-huesitos-la-vila-enamora-a-su-aficion-ante-el-burgos\/"},"modified":"2025-10-31T09:08:03","modified_gmt":"2025-10-31T08:08:03","slug":"el-huesitos-la-vila-enamora-a-su-aficion-ante-el-burgos","status":"publish","type":"post","link":"https:\/\/serbenidorm.daliisolutions.com\/index.php\/2025\/10\/31\/el-huesitos-la-vila-enamora-a-su-aficion-ante-el-burgos\/","title":{"rendered":"El Huesitos-La Vila enamora a su afici\u00f3n ante el Burgos"},"content":{"rendered":" <p>Ser\u00e1 a lo largo de la tarde, cuando las emociones reposen y pueda ver por primera vez el v\u00eddeo del partido, cuando el siempre inconformista Hern\u00e1n \u2018Falu\u2019 Quirelli pueda comenzar a sacarle los \u2018peros\u2019 a su equipo para, de esa manera, seguir en ese constante proceso de mejora que el argentino busca semana a semana con los suyos.<\/p>  <p>Ese momento, dec\u00edamos, llegar\u00e1 a lo largo de la tarde del domingo, pero todav\u00eda en el c\u00e9sped del Estado de El Pantano, pocos minutos despu\u00e9s de vencer ante el Burgos por 32-25, Falu, como el resto de la familia del Huesitos-La Vila, es un hombre tremendamente feliz.<\/p>  <p>El t\u00e9cnico se muestra orgulloso y contento del rugby mostrado por los suyos despu\u00e9s de un partido que el Huesitos-La Vila siempre tuvo controlado en el marcador y en el que, sobre todo en los primeros minutos, fue muy superior a un Burgos que pronto se dio cuenta de que iba a perder su condici\u00f3n de col\u00edder.<\/p>  <p>El XV chocolatero, eso s\u00ed, sufri\u00f3 m\u00e1s cuando las nubes grises que durante toda la ma\u00f1ana se hab\u00edan quedado colgadas sobre El Pantano descargaron con furia. Un chaparr\u00f3n que no dur\u00f3 demasiado, pero que embarr\u00f3 el campo provocando el arranque de un nuevo partido, este m\u00e1s pesado y menos vistoso, que en un primer momento parec\u00eda venirle mucho mejor al Burgos.<\/p>  <p>Sin embargo, tras algunos errores que, por fortuna, los visitantes no terminaron de aprovechar; el Huesitos-La Vila volvi\u00f3 a dominar el juego para terminar llev\u00e1ndose el triunfo por un claro 30-25 que catapulta a los vileros hasta la segunda posici\u00f3n de la clasificaci\u00f3n s\u00f3lo por detr\u00e1s del Entrepinares de Valladolid, con dos puntos m\u00e1s que el equipo jonense.<\/p> ","protected":false},"excerpt":{"rendered":"<p>El equipo de Hern\u00e1n \u2018Falu\u2019 Quirelli se encarama a la segunda posici\u00f3n de la clasificaci\u00f3n<\/p>\n","protected":false},"author":0,"featured_media":19533,"comment_status":"","ping_status":"open","sticky":false,"template":"","format":"standard","meta":{"_acf_changed":false,"footnotes":""},"categories":[16],"tags":[],"class_list":["post-19532","post","type-post","status-publish","format-standard","has-post-thumbnail","hentry","category-deportes"],"acf":{"ser_id":"4TYH4SD5GBCXFDXSAJXLX3GWTM","ser_url":"https:\/\/cadenaser.com\/comunitat-valenciana\/2025\/10\/26\/el-huesitos-la-vila-enamora-a-su-aficion-ante-el-burgos-radio-benidorm\/"},"_links":{"self":[{"href":"https:\/\/serbenidorm.daliisolutions.com\/index.php\/wp-json\/wp\/v2\/posts\/19532","targetHints":{"allow":["GET"]}}],"collection":[{"href":"https:\/\/serbenidorm.daliisolutions.com\/index.php\/wp-json\/wp\/v2\/posts"}],"about":[{"href":"https:\/\/serbenidorm.daliisolutions.com\/index.php\/wp-json\/wp\/v2\/types\/post"}],"replies":[{"embeddable":true,"href":"https:\/\/serbenidorm.daliisolutions.com\/index.php\/wp-json\/wp\/v2\/comments?post=19532"}],"version-history":[{"count":0,"href":"https:\/\/serbenidorm.daliisolutions.com\/index.php\/wp-json\/wp\/v2\/posts\/19532\/revisions"}],"wp:featuredmedia":[{"embeddable":true,"href":"https:\/\/serbenidorm.daliisolutions.com\/index.php\/wp-json\/wp\/v2\/media\/19533"}],"wp:attachment":[{"href":"https:\/\/serbenidorm.daliisolutions.com\/index.php\/wp-json\/wp\/v2\/media?parent=19532"}],"wp:term":[{"taxonomy":"category","embeddable":true,"href":"https:\/\/serbenidorm.daliisolutions.com\/index.php\/wp-json\/wp\/v2\/categories?post=19532"},{"taxonomy":"post_tag","embeddable":true,"href":"https:\/\/serbenidorm.daliisolutions.com\/index.php\/wp-json\/wp\/v2\/tags?post=19532"}],"curies":[{"name":"wp","href":"https:\/\/api.w.org\/{rel}","templated":true}]}}