{"id":19534,"date":"2025-10-31T09:08:04","date_gmt":"2025-10-31T08:08:04","guid":{"rendered":"https:\/\/serbenidorm.daliisolutions.com\/index.php\/2025\/10\/31\/fiesta-sin-final-feliz-en-el-debut-del-servigroup-benidorm-en-la-superliga-de-voleibol\/"},"modified":"2025-10-31T09:08:04","modified_gmt":"2025-10-31T08:08:04","slug":"fiesta-sin-final-feliz-en-el-debut-del-servigroup-benidorm-en-la-superliga-de-voleibol","status":"publish","type":"post","link":"https:\/\/serbenidorm.daliisolutions.com\/index.php\/2025\/10\/31\/fiesta-sin-final-feliz-en-el-debut-del-servigroup-benidorm-en-la-superliga-de-voleibol\/","title":{"rendered":"Fiesta sin final feliz en el debut del Servigroup Benidorm en la Superliga de voleibol"},"content":{"rendered":" <p>Ni la celebraci\u00f3n del \u2018Dia de les penyes\u2019 ni una tarde casi de verano que invitaba a lanzarse a las playas de la ciudad pudieron con las ganas de la afici\u00f3n benidormense de ver el debut del Servigroup Playas de Benidorm en la Superliga Masculina de voleibol y que se march\u00f3 del Palau habiendo vivido una fiesta que, por desgracia, no tuvo un final feliz tras la derrota local por 1-3 (23-25, 25-23, 22-25 y 20-25)<\/p>  <p>El club hab\u00eda pedido a su masa social que acompa\u00f1ase a los de Adriano Lamb en su estreno en la m\u00e1xima categor\u00eda y el p\u00fablico respondi\u00f3 llenando las gradas del Palau d\u2019Esports l\u2019Illa como hac\u00eda mucho tiempo que no se ve\u00eda.<\/p>  <p>Frente a ellos, un C.V. Melilla instalado desde hace a\u00f1os entre la nobleza del v\u00f3ley nacional y que acud\u00eda a esta primera jornada liguera con la clara condici\u00f3n de favorito al triunfo. En el bando local, como reconoc\u00edan los propios jugadores en las horas previas al choque, los nervios l\u00f3gicos de saber que eran protagonistas de un evento hist\u00f3rico para el deporte local y comarcal y, seguramente, las mariposas en el est\u00f3mago al ver como, durante su calentamiento, las gradas iban ganando colorido y decibelios minuto a minuto.<\/p>  <p>Tras el pitido inicial, todos esos nervios y toda esa anticipaci\u00f3n desaparecieron para dar paso a un choque vibrante y, seguramente, mucho m\u00e1s igualado de lo que la mayor\u00eda habr\u00eda esperado.<\/p>  <p>De hecho, el primer set sirvi\u00f3 para dejar claro que los de Adriano Lamb no han llegado a esta Superliga Masculina para representar el papel de v\u00edctima propiciatoria de nadie y, sin complejo alguno, arrancaron mandando en el marcador con ventajas siempre m\u00ednimas sobre un C.V. Melilla que daba la sensaci\u00f3n de no terminar de encontrarse c\u00f3modo en la bulliciosa cancha benidormense.<\/p>  <p>Pero la veteran\u00eda siempre se deja notar en este tipo de situaciones igualadas y en el tramo final de esa manga inicial los melillenses, m\u00e1s templados, supieron darle la vuelta al marcador para terminar poniendo el 0-1 con un parcial de 23-25 en el que mucho pesaron dos faltas de saque locales en momentos clave.<\/p>  <p>El segundo set se desarroll\u00f3 siguiendo un guion muy similar. El Servigroup Playas de Benidorm volv\u00eda a cometer varias faltas de saque (sin duda, algo que habr\u00e1 que trabajar con mimo en las pr\u00f3ximas semanas), pero sab\u00eda parar las acometidas de un C.V. Melilla que, de nuevo, no encontraba la manera de romper el juego a su favor.<\/p>  <p>Tanto es as\u00ed que, llegados a los puntos finales, esta vez fueron los de Adriano Lamb los que supieron sacar mejor rendimiento de su juego para colocar el 1-1 en el marcador con parcial de 25-23 dejando el choque igualado a todo.<\/p>  <p>Aparentemente ofendidos por la afrenta recibida, los jugadores del C.V. Melilla saltaron de nuevo a la cancha en el tercer set con la clara premisa de cerrarlo por la v\u00eda r\u00e1pida. La intensidad de los visitantes pill\u00f3 al Servigroup Playas de Benidorm a pie cambiado y los de Adriano Lamb se vieron demasiado pronto obligados a una remontada m\u00e1s que considerable.<\/p>  <p>Sin embargo, y este es un gran aprendizaje de cara al futuro, los locales demostraron que saben sufrir y, sobre todo, saben no dejarse llevar por las prisas. Poco a poco, punto a punto, fueron recuperando terreno hasta entrar en los puntos finales igualados (20-20) y dando la sensaci\u00f3n de poder dar la gran campanada de esta primera fecha del curso.<\/p>  <p>Fue entonces cuando la pareja arbitral comenz\u00f3 a tomar su triste protagonismo con decisiones tan incomprensibles como err\u00f3neas que acabaron perjudicando sobremanera a los locales y que despertaron la indignaci\u00f3n de la grada provocando, incluso, un conato de tangana entre los dos banquillos cuando tras una dudosa interpretaci\u00f3n final de los \u00e1rbitros el C.V. Melilla se llevaba el set por 22-25.<\/p>  <p>El cuarto y \u00faltimo set, aunque de nuevo ajustado en su resoluci\u00f3n (20-25), fue el de m\u00e1s claro dominio visitante. El C.V. Melilla siempre llev\u00f3 la delantera y, aunque el Servigroup Playas de Benidorm por momentos dio la sensaci\u00f3n de que iba a ser capaz de darle la vuelta al asunto, nada pudo hacer por evitar esa derrota sin premio alguno por 1-3.<\/p>  <p>Las que s\u00ed consiguieron anotarse un c\u00f3modo triunfo fueron las chicas del Servigroup Playas de Benidorm femenino al imponerse por un claro 3-0 (25-16, 25-16 y 25-23) a un Gran Canaria que ha comenzado de forma muy desdibujada la presente temporada y que, tras el \u2018cero\u2019 con el que se marchaban este s\u00e1bado del Palau d\u2019Esports siguen sin puntuar en lo que va de competici\u00f3n.<\/p>  <p>Tras este nuevo triunfo, las de Noelia Santacreu siguen escalando posiciones en una clasificaci\u00f3n en la que comparten ahora la tercera plaza con La Laguna a s\u00f3lo un punto del Descubre Fuentes, segundo y, por lo tanto, frontera para la disputa de la Copa de la Princesa y, en \u00faltima instancia, la promoci\u00f3n de ascenso.<\/p>  <p>Peor le fueron las cosas al Camporrosso Finestrat que no pudo asaltar la cancha del Mairena, pero que, al menos, sac\u00f3 un punto de su viaje tras caer por 3-2 (25-13, 20-25, 25-22, 19-25 y 15-11).<\/p>  <p>En todo caso, las de Eduardo Toranzo siguen cerca del tren de cabeza de la clasificaci\u00f3n ya que tras este tropiezo se sit\u00faan en la sexta posici\u00f3n con siete puntos, s\u00f3lo tres menos que el segundo clasificado y abriendo cada d\u00eda m\u00e1s hueco respecto a Gran Canaria y Atarfe, los dos equipos que, sin puntos, cierran la tabla y, por lo tanto, marcan ahora la salvaci\u00f3n.<\/p> ","protected":false},"excerpt":{"rendered":"<p>La afici\u00f3n respondi\u00f3 al llamamiento del club llenando las gradas del Palau d\u2019Esports l\u2019Illa de Benidorm<\/p>\n","protected":false},"author":0,"featured_media":19535,"comment_status":"","ping_status":"open","sticky":false,"template":"","format":"standard","meta":{"_acf_changed":false,"footnotes":""},"categories":[16],"tags":[],"class_list":["post-19534","post","type-post","status-publish","format-standard","has-post-thumbnail","hentry","category-deportes"],"acf":{"ser_id":"IW2RMCJQAJD55CKI2NE5ULBABM","ser_url":"https:\/\/cadenaser.com\/comunitat-valenciana\/2025\/10\/25\/fiesta-sin-final-feliz-en-el-debut-del-servigroup-benidorm-en-la-superliga-de-voleibol-radio-benidorm\/"},"_links":{"self":[{"href":"https:\/\/serbenidorm.daliisolutions.com\/index.php\/wp-json\/wp\/v2\/posts\/19534","targetHints":{"allow":["GET"]}}],"collection":[{"href":"https:\/\/serbenidorm.daliisolutions.com\/index.php\/wp-json\/wp\/v2\/posts"}],"about":[{"href":"https:\/\/serbenidorm.daliisolutions.com\/index.php\/wp-json\/wp\/v2\/types\/post"}],"replies":[{"embeddable":true,"href":"https:\/\/serbenidorm.daliisolutions.com\/index.php\/wp-json\/wp\/v2\/comments?post=19534"}],"version-history":[{"count":0,"href":"https:\/\/serbenidorm.daliisolutions.com\/index.php\/wp-json\/wp\/v2\/posts\/19534\/revisions"}],"wp:featuredmedia":[{"embeddable":true,"href":"https:\/\/serbenidorm.daliisolutions.com\/index.php\/wp-json\/wp\/v2\/media\/19535"}],"wp:attachment":[{"href":"https:\/\/serbenidorm.daliisolutions.com\/index.php\/wp-json\/wp\/v2\/media?parent=19534"}],"wp:term":[{"taxonomy":"category","embeddable":true,"href":"https:\/\/serbenidorm.daliisolutions.com\/index.php\/wp-json\/wp\/v2\/categories?post=19534"},{"taxonomy":"post_tag","embeddable":true,"href":"https:\/\/serbenidorm.daliisolutions.com\/index.php\/wp-json\/wp\/v2\/tags?post=19534"}],"curies":[{"name":"wp","href":"https:\/\/api.w.org\/{rel}","templated":true}]}}