{"id":19538,"date":"2025-10-31T09:08:05","date_gmt":"2025-10-31T08:08:05","guid":{"rendered":"https:\/\/serbenidorm.daliisolutions.com\/index.php\/2025\/10\/31\/el-benidorm-se-reencuentra-con-el-gol-con-una-manita-al-redovan\/"},"modified":"2025-10-31T09:08:05","modified_gmt":"2025-10-31T08:08:05","slug":"el-benidorm-se-reencuentra-con-el-gol-con-una-manita-al-redovan","status":"publish","type":"post","link":"https:\/\/serbenidorm.daliisolutions.com\/index.php\/2025\/10\/31\/el-benidorm-se-reencuentra-con-el-gol-con-una-manita-al-redovan\/","title":{"rendered":"El Benidorm se reencuentra con el gol con una \u2018manita\u2019 al Redov\u00e1n"},"content":{"rendered":" <p>Despu\u00e9s de 180 minutos sin ver porter\u00eda, tras empatar a cero ante el J\u00e1vea y el Carcaixent, el C.F. Benidorm se ha reencontrado este s\u00e1bado con el gol de la mejor de las maneras posibles endos\u00e1ndole una \u2018manita\u2019 al Redov\u00e1n gracias a la que los del Guillermo Amor seguir\u00e1n l\u00edderes una semana m\u00e1s.<\/p>  <p>El 5-0 conseguido en esta s\u00e9ptima jornada por los benidormenses les sit\u00faa, a la espera de lo que haga este domingo el Novelda en su visita al Ol\u00edmpic de X\u00e0tiva, como l\u00edder en solitario con 15 puntos y un impresionante bagaje de doce goles a favor y s\u00f3lo uno en contra, en encajado en la tercera jornada ante el Benig\u00e0nim.<\/p>  <p>En la Tercera RFEF, Vicente Mir asum\u00eda en la tarde del domingo su primer partido como entrenador del C.F. La Nuc\u00eda tras haber sido confirmado en el puesto el pasado viernes (aunque hab\u00eda dirigido las sesiones de entrenamiento desde el mi\u00e9rcoles) con el reto de, al menos, hacer mejorar la imagen de los rojillos tras la etapa de Berna Ballester y, a ser posible, lograr reencontrarse con la victoria un mes despu\u00e9s.<\/p>  <p>Sin embargo, los nucieros se tuvieron que conformar con el empate a dos en el campo del Crevillente Deportivo tras un partido que se volvi\u00f3 completamente loco en la segunda mitad y muy especialmente en sus minutos finales.<\/p>  <p>Fue el C.F. La Nuc\u00eda el que se adelant\u00f3 en primer lugar gracias al tanto conseguido por Juan Carlos Mart\u00ednez en el minuto 52 de juego, una alegr\u00eda que durar\u00eda muy poco ya que en el 76 ser\u00edan los locales los que conseguir\u00edan subir el 1-1 al marcador.<\/p>  <p>Pero lo peor estaba todav\u00eda por venir ya que a s\u00f3lo un minuto de que se cumplieran los 90 minutos reglamentarios, el Crevillente Deportivo anotaba de falta el 2-1 que parec\u00eda que iba a ser definitivo, pero un penalti a favor del C.F. La Nuc\u00eda pitado en el 92 permiti\u00f3 a Carlos Meseguer anotar el 2-2 que salva un punto para los rojillos en el que ha sido su tercer empate consecutivo.<\/p>  <p>Tras este resultado, el C.F. La Nuc\u00eda se queda en la d\u00e9cima posici\u00f3n con 10 puntos y ve la zona de disputa del play-off de ascenso a cuatro puntos de distancia.<\/p> ","protected":false},"excerpt":{"rendered":"<p>El C.F. La Nuc\u00eda arranca un valioso empate de Crevillente<\/p>\n","protected":false},"author":0,"featured_media":19539,"comment_status":"","ping_status":"open","sticky":false,"template":"","format":"standard","meta":{"_acf_changed":false,"footnotes":""},"categories":[16],"tags":[],"class_list":["post-19538","post","type-post","status-publish","format-standard","has-post-thumbnail","hentry","category-deportes"],"acf":{"ser_id":"N6MZASYJ5BHHNEPTEYCT4VWWQA","ser_url":"https:\/\/cadenaser.com\/comunitat-valenciana\/2025\/10\/25\/el-benidorm-se-reencuentra-con-el-gol-con-una-manita-al-redovan-radio-benidorm\/"},"_links":{"self":[{"href":"https:\/\/serbenidorm.daliisolutions.com\/index.php\/wp-json\/wp\/v2\/posts\/19538","targetHints":{"allow":["GET"]}}],"collection":[{"href":"https:\/\/serbenidorm.daliisolutions.com\/index.php\/wp-json\/wp\/v2\/posts"}],"about":[{"href":"https:\/\/serbenidorm.daliisolutions.com\/index.php\/wp-json\/wp\/v2\/types\/post"}],"replies":[{"embeddable":true,"href":"https:\/\/serbenidorm.daliisolutions.com\/index.php\/wp-json\/wp\/v2\/comments?post=19538"}],"version-history":[{"count":0,"href":"https:\/\/serbenidorm.daliisolutions.com\/index.php\/wp-json\/wp\/v2\/posts\/19538\/revisions"}],"wp:featuredmedia":[{"embeddable":true,"href":"https:\/\/serbenidorm.daliisolutions.com\/index.php\/wp-json\/wp\/v2\/media\/19539"}],"wp:attachment":[{"href":"https:\/\/serbenidorm.daliisolutions.com\/index.php\/wp-json\/wp\/v2\/media?parent=19538"}],"wp:term":[{"taxonomy":"category","embeddable":true,"href":"https:\/\/serbenidorm.daliisolutions.com\/index.php\/wp-json\/wp\/v2\/categories?post=19538"},{"taxonomy":"post_tag","embeddable":true,"href":"https:\/\/serbenidorm.daliisolutions.com\/index.php\/wp-json\/wp\/v2\/tags?post=19538"}],"curies":[{"name":"wp","href":"https:\/\/api.w.org\/{rel}","templated":true}]}}