{"id":19542,"date":"2025-10-31T10:28:27","date_gmt":"2025-10-31T09:28:27","guid":{"rendered":"https:\/\/serbenidorm.daliisolutions.com\/index.php\/2025\/10\/31\/el-servigroup-benidorm-se-vuelve-a-poner-a-prueba-ante-el-teruel\/"},"modified":"2025-10-31T10:28:27","modified_gmt":"2025-10-31T09:28:27","slug":"el-servigroup-benidorm-se-vuelve-a-poner-a-prueba-ante-el-teruel","status":"publish","type":"post","link":"https:\/\/serbenidorm.daliisolutions.com\/index.php\/2025\/10\/31\/el-servigroup-benidorm-se-vuelve-a-poner-a-prueba-ante-el-teruel\/","title":{"rendered":"El Servigroup Benidorm se vuelve a poner a prueba ante el Teruel"},"content":{"rendered":" <p>El Servigroup Benidorm afronta este (17:00 horas) y en el Palau d\u2019Esports l\u2019Illa la segunda jornada de la Superliga Masculina de voleibol, en la que recibir\u00e1 al hist\u00f3rico Pamesa Teruel, uno de los grandes referentes del voleibol espa\u00f1ol y ante el que los de Adriano Lamb tratar\u00e1n de volver a dar las mismas buenas sensaciones que en su debut de la pasada semana ante el Melilla y, de esta manera, aspirar a dar la que ser\u00eda, sin duda, la gran sorpresa de la jornada.<\/p>  <p>El cuerpo t\u00e9cnico ha trabajado con m\u00e1xima intensidad durante toda la semana para preparar este nuevo compromiso, en el que toda la plantilla estar\u00e1 disponible, y en el que se espera volver a ver un gran ambiente en las gradas, tras el lleno absoluto vivido en la jornada inaugural con cerca de un millar de espectadores.<\/p>  <p>Adriano Lamb valor\u00f3 positivamente el trabajo del grupo durante la semana y destac\u00f3 la importancia de mantener el mismo nivel de entrega mostrado en el debut. \u201cEl equipo ha trabajado con much\u00edsima intensidad y compromiso durante la semana. Venimos de un partido muy completo ante Melilla, donde demostramos que tenemos nivel para competir contra cualquier equipo de la Superliga\u201d, afirma el t\u00e9cnico. <\/p>  <p>El preparador brasile\u00f1o a\u00f1ad\u00eda que \u201cesta semana hemos afinado detalles y estamos listos para afrontar un nuevo reto. Contar con el apoyo de nuestra afici\u00f3n fue algo incre\u00edble. Ver el Palau lleno, vibrando con el equipo, fue una motivaci\u00f3n enorme para todos. Queremos volver a sentir ese ambiente este s\u00e1bado y darles un gran partido\u201d.<\/p>  <p>Desde el Club Voleibol Servigroup Benidorm se hace \u201cun llamamiento a toda la afici\u00f3n para que vuelva a llenar las gradas del Palau d\u2019Esports l\u2019Illa y arrope al equipo en esta nueva cita con la historia\u201d.<\/p>  <p>En la Superliga Femenina 2, los dos equipos de la Marina Baixa actuar\u00e1n este fin de semana como visitantes. El Servigroup Playas de Benidorm lo har\u00e1 el domingo (11:30 horas) en Paterna en un atractivo duelo auton\u00f3mico al que las de Noelia Santacreu llegan en un momento de forma excepcional, tras encadenar tres victorias consecutivas y haber sumado puntos en las cuatro jornadas disputadas hasta la fecha. <\/p>  <p>Por otro lado, el Camporrosso Finestrat viaja este s\u00e1bado (19:00 horas) a la cancha del Algar donde las de Eduardo Toranzo tratar\u00e1n de poner fin a la mala racha de resultados que las ha llevado a encadenar dos derrotas consecutivas aunque, eso s\u00ed, puntuando; ante Servigroup Playas de Benidorm y Mairena.<\/p> ","protected":false},"excerpt":{"rendered":"<p>Los dos equipos de Superliga 2 Femenina jugar\u00e1n como visitantes este fin de semana<\/p>\n","protected":false},"author":0,"featured_media":19543,"comment_status":"","ping_status":"open","sticky":false,"template":"","format":"standard","meta":{"_acf_changed":false,"footnotes":""},"categories":[16],"tags":[],"class_list":["post-19542","post","type-post","status-publish","format-standard","has-post-thumbnail","hentry","category-deportes"],"acf":{"ser_id":"ZLAFDX6H3NHXXLK4S4SBUDJZXY","ser_url":"https:\/\/cadenaser.com\/comunitat-valenciana\/2025\/10\/31\/el-servigroup-benidorm-se-vuelve-a-poner-a-prueba-ante-el-teruel-radio-benidorm\/"},"_links":{"self":[{"href":"https:\/\/serbenidorm.daliisolutions.com\/index.php\/wp-json\/wp\/v2\/posts\/19542","targetHints":{"allow":["GET"]}}],"collection":[{"href":"https:\/\/serbenidorm.daliisolutions.com\/index.php\/wp-json\/wp\/v2\/posts"}],"about":[{"href":"https:\/\/serbenidorm.daliisolutions.com\/index.php\/wp-json\/wp\/v2\/types\/post"}],"replies":[{"embeddable":true,"href":"https:\/\/serbenidorm.daliisolutions.com\/index.php\/wp-json\/wp\/v2\/comments?post=19542"}],"version-history":[{"count":0,"href":"https:\/\/serbenidorm.daliisolutions.com\/index.php\/wp-json\/wp\/v2\/posts\/19542\/revisions"}],"wp:featuredmedia":[{"embeddable":true,"href":"https:\/\/serbenidorm.daliisolutions.com\/index.php\/wp-json\/wp\/v2\/media\/19543"}],"wp:attachment":[{"href":"https:\/\/serbenidorm.daliisolutions.com\/index.php\/wp-json\/wp\/v2\/media?parent=19542"}],"wp:term":[{"taxonomy":"category","embeddable":true,"href":"https:\/\/serbenidorm.daliisolutions.com\/index.php\/wp-json\/wp\/v2\/categories?post=19542"},{"taxonomy":"post_tag","embeddable":true,"href":"https:\/\/serbenidorm.daliisolutions.com\/index.php\/wp-json\/wp\/v2\/tags?post=19542"}],"curies":[{"name":"wp","href":"https:\/\/api.w.org\/{rel}","templated":true}]}}