{"id":19547,"date":"2025-10-31T11:36:05","date_gmt":"2025-10-31T10:36:05","guid":{"rendered":"https:\/\/serbenidorm.daliisolutions.com\/index.php\/2025\/10\/31\/el-sporting-la-nucia-busca-seguir-imbatido-en-casa\/"},"modified":"2025-10-31T11:36:05","modified_gmt":"2025-10-31T10:36:05","slug":"el-sporting-la-nucia-busca-seguir-imbatido-en-casa","status":"publish","type":"post","link":"https:\/\/serbenidorm.daliisolutions.com\/index.php\/2025\/10\/31\/el-sporting-la-nucia-busca-seguir-imbatido-en-casa\/","title":{"rendered":"El Sporting La Nuc\u00eda busca seguir imbatido en casa"},"content":{"rendered":" <p>En una semana muy cargada de compromisos, el Sporting La Nuc\u00eda recibe este s\u00e1bado (17:30) al Inter Movistas en el Pabell\u00f3n Camilo Cano que los de David \u2018Dada\u2019 Valverde quieren seguir manteniendo como un fort\u00edn.<\/p>  <p>Los rojillos siguen imbatidos en casa tanto en liga como en la Copa del Rey, competici\u00f3n en la que el pasado mi\u00e9rcoles dieron un paso m\u00e1s tras imponerse por 6-5 al Levante y en la que a mediados de noviembre afrontar\u00e1n los dieciseisavos de final ante el Valdepe\u00f1as.<\/p>  <p>Pero antes de eso, el equipo nuciero deber\u00e1 seguir adelante en una temporada liguera marcada por el gran contraste de rendimiento que est\u00e1n mostrando en casa y fuera. Por ello, sumar los tres puntos ante el Inter Movistar, sexto clasificado con s\u00f3lo dos puntos m\u00e1s que los locales, ser\u00e1 fundamental para asentar al Sporting La Nuc\u00eda en la zona tranquila de la clasificaci\u00f3n.<\/p> ","protected":false},"excerpt":{"rendered":"<p>El equipo rojillo recibe al Inter Movistar tras su victoria del pasado mi\u00e9rcoles en Copa del Rey<\/p>\n","protected":false},"author":0,"featured_media":19548,"comment_status":"","ping_status":"open","sticky":false,"template":"","format":"standard","meta":{"_acf_changed":false,"footnotes":""},"categories":[16],"tags":[],"class_list":["post-19547","post","type-post","status-publish","format-standard","has-post-thumbnail","hentry","category-deportes"],"acf":{"ser_id":"7XHYR5CX5FEK5J5VQMX3EOPJNM","ser_url":"https:\/\/cadenaser.com\/comunitat-valenciana\/2025\/10\/31\/el-sporting-la-nucia-busca-seguir-imbatido-en-casa-radio-benidorm\/"},"_links":{"self":[{"href":"https:\/\/serbenidorm.daliisolutions.com\/index.php\/wp-json\/wp\/v2\/posts\/19547","targetHints":{"allow":["GET"]}}],"collection":[{"href":"https:\/\/serbenidorm.daliisolutions.com\/index.php\/wp-json\/wp\/v2\/posts"}],"about":[{"href":"https:\/\/serbenidorm.daliisolutions.com\/index.php\/wp-json\/wp\/v2\/types\/post"}],"replies":[{"embeddable":true,"href":"https:\/\/serbenidorm.daliisolutions.com\/index.php\/wp-json\/wp\/v2\/comments?post=19547"}],"version-history":[{"count":0,"href":"https:\/\/serbenidorm.daliisolutions.com\/index.php\/wp-json\/wp\/v2\/posts\/19547\/revisions"}],"wp:featuredmedia":[{"embeddable":true,"href":"https:\/\/serbenidorm.daliisolutions.com\/index.php\/wp-json\/wp\/v2\/media\/19548"}],"wp:attachment":[{"href":"https:\/\/serbenidorm.daliisolutions.com\/index.php\/wp-json\/wp\/v2\/media?parent=19547"}],"wp:term":[{"taxonomy":"category","embeddable":true,"href":"https:\/\/serbenidorm.daliisolutions.com\/index.php\/wp-json\/wp\/v2\/categories?post=19547"},{"taxonomy":"post_tag","embeddable":true,"href":"https:\/\/serbenidorm.daliisolutions.com\/index.php\/wp-json\/wp\/v2\/tags?post=19547"}],"curies":[{"name":"wp","href":"https:\/\/api.w.org\/{rel}","templated":true}]}}