{"id":19552,"date":"2025-10-31T11:56:02","date_gmt":"2025-10-31T10:56:02","guid":{"rendered":"https:\/\/serbenidorm.daliisolutions.com\/index.php\/2025\/10\/31\/el-servigroup-benidorm-vuelve-a-casa-para-su-particular-clasico-ante-adesavi\/"},"modified":"2025-10-31T11:56:02","modified_gmt":"2025-10-31T10:56:02","slug":"el-servigroup-benidorm-vuelve-a-casa-para-su-particular-clasico-ante-adesavi","status":"publish","type":"post","link":"https:\/\/serbenidorm.daliisolutions.com\/index.php\/2025\/10\/31\/el-servigroup-benidorm-vuelve-a-casa-para-su-particular-clasico-ante-adesavi\/","title":{"rendered":"El Servigroup Benidorm vuelve a casa para su particular \u2018cl\u00e1sico\u2019 ante Adesavi"},"content":{"rendered":" <p>La Tercera FEB de baloncesto llega este fin de semana a su quinta jornada de competici\u00f3n con el Servigroup Benidorm regresando al Palau d\u2019Esports para recibir al Adesavi de San Vicente en un duelo que se ha convertido en un \u2018cl\u00e1sico\u2019 de la categor\u00eda y que arrancar\u00e1 a las 19:30 horas del s\u00e1bado.<\/p>  <p>Tras haber jugado sus tres primeros partidos con un balance de dos derrotas, ambas como visitante, y una victoria en casa, los de Nico S\u00e1nchez tratar\u00e1n de hacer valer su condici\u00f3n de local para superar a un Adesavi que ocupa la s\u00e9ptima posici\u00f3n de la clasificaci\u00f3n con un punto m\u00e1s que los benidormenses con un balance de dos victorias y una derrota.<\/p>  <p>Por su parte, las chicas del Terralf\u00e0s tratar\u00e1n este s\u00e1bado (18:30 horas) de confirmar las buenas sensaciones vividas el pasado fin de semana con ese triunfo en casa ante el Adesavi por un contundente 90-59. <\/p>  <p>Para ello, las de M\u00aa Carmen Burgos deber\u00e1n superar a domicilio al Lucentum Alicante, l\u00edder de la clasificaci\u00f3n tras haber sumado dos victorias en otras tantas jornadas ya disputadas y un impresionante bagaje de 169 puntos a favor por s\u00f3lo 74 en contra.<\/p> ","protected":false},"excerpt":{"rendered":"<p>El Terralf\u00e0s viaja hasta la cancha del Lucentum Alicante<\/p>\n","protected":false},"author":0,"featured_media":19553,"comment_status":"","ping_status":"open","sticky":false,"template":"","format":"standard","meta":{"_acf_changed":false,"footnotes":""},"categories":[16],"tags":[],"class_list":["post-19552","post","type-post","status-publish","format-standard","has-post-thumbnail","hentry","category-deportes"],"acf":{"ser_id":"NKJTD5ZFHNEJJGTYYRZZNCPTHA","ser_url":"https:\/\/cadenaser.com\/comunitat-valenciana\/2025\/10\/31\/el-servigroup-benidorm-vuelve-a-casa-para-su-particular-clasico-ante-adesavi-radio-benidorm\/"},"_links":{"self":[{"href":"https:\/\/serbenidorm.daliisolutions.com\/index.php\/wp-json\/wp\/v2\/posts\/19552","targetHints":{"allow":["GET"]}}],"collection":[{"href":"https:\/\/serbenidorm.daliisolutions.com\/index.php\/wp-json\/wp\/v2\/posts"}],"about":[{"href":"https:\/\/serbenidorm.daliisolutions.com\/index.php\/wp-json\/wp\/v2\/types\/post"}],"replies":[{"embeddable":true,"href":"https:\/\/serbenidorm.daliisolutions.com\/index.php\/wp-json\/wp\/v2\/comments?post=19552"}],"version-history":[{"count":0,"href":"https:\/\/serbenidorm.daliisolutions.com\/index.php\/wp-json\/wp\/v2\/posts\/19552\/revisions"}],"wp:featuredmedia":[{"embeddable":true,"href":"https:\/\/serbenidorm.daliisolutions.com\/index.php\/wp-json\/wp\/v2\/media\/19553"}],"wp:attachment":[{"href":"https:\/\/serbenidorm.daliisolutions.com\/index.php\/wp-json\/wp\/v2\/media?parent=19552"}],"wp:term":[{"taxonomy":"category","embeddable":true,"href":"https:\/\/serbenidorm.daliisolutions.com\/index.php\/wp-json\/wp\/v2\/categories?post=19552"},{"taxonomy":"post_tag","embeddable":true,"href":"https:\/\/serbenidorm.daliisolutions.com\/index.php\/wp-json\/wp\/v2\/tags?post=19552"}],"curies":[{"name":"wp","href":"https:\/\/api.w.org\/{rel}","templated":true}]}}