{"id":19554,"date":"2025-10-31T12:16:08","date_gmt":"2025-10-31T11:16:08","guid":{"rendered":"https:\/\/serbenidorm.daliisolutions.com\/index.php\/2025\/10\/31\/la-nucia-busca-remontar-y-el-benidorm-quiere-seguir-lider\/"},"modified":"2025-10-31T12:16:08","modified_gmt":"2025-10-31T11:16:08","slug":"la-nucia-busca-remontar-y-el-benidorm-quiere-seguir-lider","status":"publish","type":"post","link":"https:\/\/serbenidorm.daliisolutions.com\/index.php\/2025\/10\/31\/la-nucia-busca-remontar-y-el-benidorm-quiere-seguir-lider\/","title":{"rendered":"La Nuc\u00eda busca remontar y el Benidorm quiere seguir l\u00edder"},"content":{"rendered":" <p>La jornada de f\u00fatbol comarcal aleja este fin de semana a los dos principales equipos de la Marina Baixa de sus estadios con las visitas que realizar\u00e1n, en el caso de La Nuc\u00eda, a la cancha del Atl\u00e9tico Saguntino y, en el del Benidorm, a L\u2019Olleria. <\/p>  <p>Los rojillos, como explicaba el pasado mi\u00e9rcoles su nuevo entrenador, Vicente Mir, en SER Deportivos Marina Baixa, afrontar\u00e1n el triple reto de darle la vuelta a su irregular inicio de temporada, adaptarse a las exigencias de su nuevo preparador y, sobre todo, sobreponerse al rosario de lesiones que ha venido y sigue arrastrando la plantilla en las \u00faltimas semanas.<\/p>  <p>Todo ello lo tendr\u00e1 que hacer en casa de uno de los rivales m\u00e1s complicados del grupo. El Atl\u00e9tico Saguntino, actual col\u00edder junto al Torrellano, sigue invicto tras la disputa de las primeras ocho jornadas, por lo que la gesta rojilla se antoja, si cabe, todav\u00eda m\u00e1s complicada.<\/p>  <p>En todo caso, los tres puntos que se ponen en juego este domingo (17:15 horas) en la localidad valenciana podr\u00edan valer su peso en oro para La Nuc\u00eda habida cuenta de su situaci\u00f3n en la clasificaci\u00f3n, en la que ocupan la d\u00e9cima posici\u00f3n con diez puntos y a una distancia de cinco puntos del Villarreal C, equipo que marca la frontera del play off por el ascenso.<\/p>  <p>Tambi\u00e9n lejos de casa, en su caso en L\u2019Oller\u00eda, actuar\u00e1 el Benidorm este domingo (16:30 horas) en un choque en el que los de Javier Vidales buscar\u00e1n la que ser\u00eda su quinta victoria del a\u00f1o. Invictos por el momento, los benidormenses lideran la clasificaci\u00f3n con s\u00f3lo dos puntos de ventaja sobre Independiente de Alicante, Thader y Novelda.<\/p>  <p>L\u2019Oller\u00eda, por su parte, llega a este partido peleando por mantenerse en el tren de equipos de la zona alta. Cuartos clasificados con tres puntos menos que el Benidorm, una victoria podr\u00eda, incluso, colocar a los locales en el coliderato.<\/p> ","protected":false},"excerpt":{"rendered":"<p>El f\u00fatbol comarcal afronta una jornada en la que los dos equipos jugar\u00e1n como visitantes<\/p>\n","protected":false},"author":0,"featured_media":19555,"comment_status":"","ping_status":"open","sticky":false,"template":"","format":"standard","meta":{"_acf_changed":false,"footnotes":""},"categories":[16],"tags":[],"class_list":["post-19554","post","type-post","status-publish","format-standard","has-post-thumbnail","hentry","category-deportes"],"acf":{"ser_id":"L3QHYGQX3JBJLP7IMLQUUEYNBM","ser_url":"https:\/\/cadenaser.com\/comunitat-valenciana\/2025\/10\/31\/la-nucia-busca-remontar-y-el-benidorm-quiere-seguir-lider-radio-benidorm\/"},"_links":{"self":[{"href":"https:\/\/serbenidorm.daliisolutions.com\/index.php\/wp-json\/wp\/v2\/posts\/19554","targetHints":{"allow":["GET"]}}],"collection":[{"href":"https:\/\/serbenidorm.daliisolutions.com\/index.php\/wp-json\/wp\/v2\/posts"}],"about":[{"href":"https:\/\/serbenidorm.daliisolutions.com\/index.php\/wp-json\/wp\/v2\/types\/post"}],"replies":[{"embeddable":true,"href":"https:\/\/serbenidorm.daliisolutions.com\/index.php\/wp-json\/wp\/v2\/comments?post=19554"}],"version-history":[{"count":0,"href":"https:\/\/serbenidorm.daliisolutions.com\/index.php\/wp-json\/wp\/v2\/posts\/19554\/revisions"}],"wp:featuredmedia":[{"embeddable":true,"href":"https:\/\/serbenidorm.daliisolutions.com\/index.php\/wp-json\/wp\/v2\/media\/19555"}],"wp:attachment":[{"href":"https:\/\/serbenidorm.daliisolutions.com\/index.php\/wp-json\/wp\/v2\/media?parent=19554"}],"wp:term":[{"taxonomy":"category","embeddable":true,"href":"https:\/\/serbenidorm.daliisolutions.com\/index.php\/wp-json\/wp\/v2\/categories?post=19554"},{"taxonomy":"post_tag","embeddable":true,"href":"https:\/\/serbenidorm.daliisolutions.com\/index.php\/wp-json\/wp\/v2\/tags?post=19554"}],"curies":[{"name":"wp","href":"https:\/\/api.w.org\/{rel}","templated":true}]}}