{"id":19557,"date":"2025-10-31T13:36:03","date_gmt":"2025-10-31T12:36:03","guid":{"rendered":"https:\/\/serbenidorm.daliisolutions.com\/index.php\/2025\/10\/31\/todos-los-santos-en-benidorm-y-la-marina-baixa-horarios-y-transportes-de-los-cementerios\/"},"modified":"2025-10-31T13:36:03","modified_gmt":"2025-10-31T12:36:03","slug":"todos-los-santos-en-benidorm-y-la-marina-baixa-horarios-y-transportes-de-los-cementerios","status":"publish","type":"post","link":"https:\/\/serbenidorm.daliisolutions.com\/index.php\/2025\/10\/31\/todos-los-santos-en-benidorm-y-la-marina-baixa-horarios-y-transportes-de-los-cementerios\/","title":{"rendered":"Todos los Santos en Benidorm y la Marina Baixa: horarios y transportes de los cementerios"},"content":{"rendered":" <p>Los cementerios de la Marina Baixa, listos para la celebraci\u00f3n de Todos los Santos. Consulta aqu\u00ed toda la informaci\u00f3n de los camposantos en <a href=\"https:\/\/cadenaser.com\/tag\/benidorm\/a\/\" target=\"_blank\" rel=\"nofollow\" title=\"https:\/\/cadenaser.com\/tag\/benidorm\/a\/\">Benidorm, Villajoyosa, Altea, L&#8217;Alf\u00e0s del Pi y La Nuc\u00eda<\/a>.<\/p>  <p>Los cementerios de Benidorm cuentan con horario especial de apertura: de 8 a 20 horas. Se han realizado mejoras en ambos cementerios, ampli\u00e1ndose la capacidad del de Sant Jaume en 40 nichos a los que se sumar\u00e1n en breve otros 176. Adem\u00e1s se reabre la circulaci\u00f3n desde l\u2019Assagador de Ricardo al cementerio de Sant Jaume.<\/p>  <p>Del lunes 27 al mi\u00e9rcoles 30 saldr\u00e1 un autob\u00fas de la avenida Jaime I a la altura del hotel Bonanza a las 09.15 horas; y a las 09.30 horas lo har\u00e1 desde la parada de la avenida del Mediterr\u00e1neo m\u00e1s pr\u00f3xima a la Plaza de la Hispanidad. La vuelta desde el cementerio de Sant Jaume ser\u00e1 a las 12.00 horas. La frecuencia de este autob\u00fas se incrementar\u00e1 los d\u00edas 31 de octubre y 2 de noviembre, con salidas desde la misma parada de Jaime I a las 10.30, 11.30, 16.30 y 17.30 horas; y desde la de avenida del Mediterr\u00e1neo a las 10.40, 11.40, 16.40 y 17.40 horas. El servicio desde el cementerio ser\u00e1 a las 11.00, 12.00, 17.00 y 18.00 horas. <\/p>  <p>Asimismo, por lo que se refiere al s\u00e1bado 1 de noviembre, en el que se celebra el D\u00eda de Todos los Santos, los autobuses partir\u00e1n desde la parada de Jaime I a las 9.30, 10.30, 11.30, 12.30, 13.30 y 14.30 as\u00ed como a las 15.30, 16.30 y 17.30 horas. En cuanto a la parada de Mediterr\u00e1neo, partir\u00e1n las mismas rutas, aunque 10 minutos despu\u00e9s; esto es: 9.40, 10.40, 11.40, 12.40, 13.40, 14.40, 15.40, 16.40 y 17.40 horas. Los buses de regreso desde el Cementerio ser\u00e1n a las horas punta, entre las 10 y las 18 horas. <\/p>  <p>El camposanto abrir\u00e1 de 7:00 a 19:00 horas desde el lunes 27 de octubre y hasta el domingo 2 de noviembre y el s\u00e1bado 1 de noviembre se celebrar\u00e1 una misa a las 16:30 horas .<\/p>  <p>El servicio de autob\u00fas, desde la parada de Barranquet, tendr\u00e1 una frecuencia de media hora y un horario de 9:15 a 13:00 horas y de 16:15 a 19:00 horas todos los d\u00edas, excepto el d\u00eda 1 de noviembre que ser\u00e1 de forma continuada de 9:00 a 19:00 horas. <\/p>  <p>Recomendaciones en Altea para estacionar en el Cementerio Municipal: los estacionamientos de Palau Altea y la Facultad de Bellas Artes; el parking frente a la entrada del Cementerio o la urbanizaci\u00f3n Sant Xoxim. En el caso de Altea la Vella se podr\u00e1 aparcar en la explanada que hay frente al mismo.<\/p>  <p>Los d\u00edas 30 y 31 de octubre y 1 de noviembre el horario de apertura ser\u00e1 de 9 a 18 horas. Tambi\u00e9n se incrementar\u00e1n el n\u00famero de contenedores y material de limpieza disponibles para garantizar el estado \u00f3ptimo del recinto. <\/p>  <p>Adem\u00e1s, desde el \u00e1rea de Servicios T\u00e9cnicos se instalar\u00e1n mesas para que quienes as\u00ed lo necesiten puedan preparar c\u00f3modamente sus ramos y centros florales, mesas dotadas de materiales que les puedan resultar de utilidad, como tijeras, escaleras, mangueras y regaderas. <\/p>  <p>El horario especial del Cementerio Municipal ser\u00e1 de 8 a 19 horas, durante los dos d\u00edas: s\u00e1bado 1 y domingo 2 de noviembre.<\/p>  <p>El Ayuntamiento de La Nuc\u00eda ampl\u00eda en dos horas el horario habitual del camposanto ante la gran afluencia de p\u00fablico durante estas fechas tan se\u00f1aladas, abriendo una hora antes y cerrando una hora m\u00e1s tarde.<\/p>  <p><\/p>  <p><\/p> ","protected":false},"excerpt":{"rendered":"<p>Los camposantos ampl\u00edan su apertura y se refuerzan los servicios de autob\u00fas<\/p>\n","protected":false},"author":0,"featured_media":19558,"comment_status":"","ping_status":"open","sticky":false,"template":"","format":"standard","meta":{"_acf_changed":false,"footnotes":""},"categories":[1],"tags":[],"class_list":["post-19557","post","type-post","status-publish","format-standard","has-post-thumbnail","hentry","category-sin-categoria"],"acf":{"ser_id":"5ISVECJOBVA33JDSVUASN6J7BM","ser_url":"https:\/\/cadenaser.com\/comunitat-valenciana\/2025\/10\/31\/todos-los-santos-en-benidorm-y-la-marina-baixa-horarios-y-transportes-de-los-cementerios-radio-benidorm\/"},"_links":{"self":[{"href":"https:\/\/serbenidorm.daliisolutions.com\/index.php\/wp-json\/wp\/v2\/posts\/19557","targetHints":{"allow":["GET"]}}],"collection":[{"href":"https:\/\/serbenidorm.daliisolutions.com\/index.php\/wp-json\/wp\/v2\/posts"}],"about":[{"href":"https:\/\/serbenidorm.daliisolutions.com\/index.php\/wp-json\/wp\/v2\/types\/post"}],"replies":[{"embeddable":true,"href":"https:\/\/serbenidorm.daliisolutions.com\/index.php\/wp-json\/wp\/v2\/comments?post=19557"}],"version-history":[{"count":0,"href":"https:\/\/serbenidorm.daliisolutions.com\/index.php\/wp-json\/wp\/v2\/posts\/19557\/revisions"}],"wp:featuredmedia":[{"embeddable":true,"href":"https:\/\/serbenidorm.daliisolutions.com\/index.php\/wp-json\/wp\/v2\/media\/19558"}],"wp:attachment":[{"href":"https:\/\/serbenidorm.daliisolutions.com\/index.php\/wp-json\/wp\/v2\/media?parent=19557"}],"wp:term":[{"taxonomy":"category","embeddable":true,"href":"https:\/\/serbenidorm.daliisolutions.com\/index.php\/wp-json\/wp\/v2\/categories?post=19557"},{"taxonomy":"post_tag","embeddable":true,"href":"https:\/\/serbenidorm.daliisolutions.com\/index.php\/wp-json\/wp\/v2\/tags?post=19557"}],"curies":[{"name":"wp","href":"https:\/\/api.w.org\/{rel}","templated":true}]}}