{"id":19560,"date":"2025-10-31T14:06:03","date_gmt":"2025-10-31T13:06:03","guid":{"rendered":"https:\/\/serbenidorm.daliisolutions.com\/index.php\/2025\/10\/31\/la-comunitat-general-de-regants-i-usuaris-de-callosa-den-sarria-consigue-una-subvencion-historica\/"},"modified":"2025-10-31T14:06:03","modified_gmt":"2025-10-31T13:06:03","slug":"la-comunitat-general-de-regants-i-usuaris-de-callosa-den-sarria-consigue-una-subvencion-historica","status":"publish","type":"post","link":"https:\/\/serbenidorm.daliisolutions.com\/index.php\/2025\/10\/31\/la-comunitat-general-de-regants-i-usuaris-de-callosa-den-sarria-consigue-una-subvencion-historica\/","title":{"rendered":"La Comunitat General de Regants i Usuaris de Callosa d&#8217;en Sarri\u00e0 consigue una subvenci\u00f3n hist\u00f3rica"},"content":{"rendered":" <p>La Comunitat General de Regants i Usuaris de Callosa d&#8217;en Sarri\u00e0 ha sido seleccionada como beneficiaria provisional de una ayuda de 1.047.305,61 euros dentro del PERTE de Digitalizaci\u00f3n del Regad\u00edo impulsado por el Ministerio para la Transici\u00f3n Ecol\u00f3gica y el Reto Demogr\u00e1fico (MITECO) y financiado por la Uni\u00f3n Europea.<\/p>  <p>Este proyecto, con una valoraci\u00f3n t\u00e9cnica de 82 puntos, sit\u00faa a Callosa entre las primeras comunidades de regantes de toda Espa\u00f1a tanto por puntuaci\u00f3n como por importe concedido. <\/p>  <p>Entre las actuaciones previstas y con las que sus responsables cifran el ahorro de agua en un 40% destacan:<\/p>  <p>\u2022 Instalaci\u00f3n de sondas de medida de humedad del suelo, que permitir\u00e1n conocer en tiempo real las necesidades h\u00eddricas de cada parcela y adaptar el riego con precisi\u00f3n.<\/p>  <p>\u2022 Contadores inteligentes para el control de consumos de agua de cada usuario y la detecci\u00f3n de incidencias o escapes.<\/p>  <p>\u2022 Caudal\u00edmetros digitales en las principales captaciones para monitorizar de manera constante los vol\u00famenes de agua utilizados.<\/p>  <p>\u2022 Compuertas autom\u00e1ticas que ajustar\u00e1n el flujo del agua seg\u00fan la demanda y las condiciones del sistema.<\/p>  <p>\u2022 Un programa inform\u00e1tico de gesti\u00f3n integral del riego, que centralizar\u00e1 la informaci\u00f3n y facilitar\u00e1 la toma de decisiones tanto para los t\u00e9cnicos como para los agricultores.<\/p>  <p>\u2022 Sistemas de medida de los retornos de agua en el r\u00edo, garantizando una gesti\u00f3n transparente y respetuosa con el medio ambiente.<\/p>  <p>Con todas estas mejoras, la Comunitat podr\u00e1 controlar y optimizar el consumo de agua y energ\u00eda, reducir p\u00e9rdidas, obtener datos en tiempo real y mejorar la toma de decisiones.<\/p>  <p>En definitiva, se trata de un proyecto que permitir\u00e1 ahorrar agua, energ\u00eda, tiempo y dinero, incrementando la sostenibilidad y la eficiencia del riego local.<\/p>  <p>El proyecto refuerza el compromiso de la Comunitat \u00abcon una agricultura moderna, responsable y sostenible, capaz de adaptarse a los retos actuales del cambio clim\u00e1tico y la gesti\u00f3n racional de los recursos naturales\u00bb.<\/p>  <p>Desde la Comunitat se ha subrayado que la iniciativa \u00abno solo moderniza el riego, sino que apoya directo al trabajo diario de los agricultores\u00bb. Seg\u00fan se ha destacado desde la direcci\u00f3n de la Comunitat, \u00abesta subvenci\u00f3n es un reconocimiento al trabajo colectivo y a la visi\u00f3n de futuro de los agricultores callosinos, que han sabido unirse para defender y cuidar el agua como un bien com\u00fan. Ahora damos un paso adelante hacia un regad\u00edo m\u00e1s eficiente y sostenible, que garantice la continuidad de nuestros cultivos y el futuro de nuestro pueblo\u00bb.<\/p> ","protected":false},"excerpt":{"rendered":"<p>M\u00e1s de un mill\u00f3n de euros para la digitalizaci\u00f3n del riego<\/p>\n","protected":false},"author":0,"featured_media":19561,"comment_status":"","ping_status":"open","sticky":false,"template":"","format":"standard","meta":{"_acf_changed":false,"footnotes":""},"categories":[1],"tags":[],"class_list":["post-19560","post","type-post","status-publish","format-standard","has-post-thumbnail","hentry","category-sin-categoria"],"acf":{"ser_id":"XJIVKCVXOZB5THJBSBZZ6NJWUE","ser_url":"https:\/\/cadenaser.com\/comunitat-valenciana\/2025\/10\/31\/la-comunitat-general-de-regants-i-usuaris-de-callosa-den-sarria-consigue-una-subvencion-historica-radio-benidorm\/"},"_links":{"self":[{"href":"https:\/\/serbenidorm.daliisolutions.com\/index.php\/wp-json\/wp\/v2\/posts\/19560","targetHints":{"allow":["GET"]}}],"collection":[{"href":"https:\/\/serbenidorm.daliisolutions.com\/index.php\/wp-json\/wp\/v2\/posts"}],"about":[{"href":"https:\/\/serbenidorm.daliisolutions.com\/index.php\/wp-json\/wp\/v2\/types\/post"}],"replies":[{"embeddable":true,"href":"https:\/\/serbenidorm.daliisolutions.com\/index.php\/wp-json\/wp\/v2\/comments?post=19560"}],"version-history":[{"count":0,"href":"https:\/\/serbenidorm.daliisolutions.com\/index.php\/wp-json\/wp\/v2\/posts\/19560\/revisions"}],"wp:featuredmedia":[{"embeddable":true,"href":"https:\/\/serbenidorm.daliisolutions.com\/index.php\/wp-json\/wp\/v2\/media\/19561"}],"wp:attachment":[{"href":"https:\/\/serbenidorm.daliisolutions.com\/index.php\/wp-json\/wp\/v2\/media?parent=19560"}],"wp:term":[{"taxonomy":"category","embeddable":true,"href":"https:\/\/serbenidorm.daliisolutions.com\/index.php\/wp-json\/wp\/v2\/categories?post=19560"},{"taxonomy":"post_tag","embeddable":true,"href":"https:\/\/serbenidorm.daliisolutions.com\/index.php\/wp-json\/wp\/v2\/tags?post=19560"}],"curies":[{"name":"wp","href":"https:\/\/api.w.org\/{rel}","templated":true}]}}