{"id":19589,"date":"2025-11-01T14:06:10","date_gmt":"2025-11-01T13:06:10","guid":{"rendered":"https:\/\/serbenidorm.daliisolutions.com\/index.php\/2025\/11\/01\/paco-saval-pregonero-de-las-festes-majors-patronals-de-benidorm-2025\/"},"modified":"2025-11-01T14:06:10","modified_gmt":"2025-11-01T13:06:10","slug":"paco-saval-pregonero-de-las-festes-majors-patronals-de-benidorm-2025","status":"publish","type":"post","link":"https:\/\/serbenidorm.daliisolutions.com\/index.php\/2025\/11\/01\/paco-saval-pregonero-de-las-festes-majors-patronals-de-benidorm-2025\/","title":{"rendered":"Paco Saval, pregonero de las Festes Majors Patronals de Benidorm 2025"},"content":{"rendered":" <p>Con casi cinco d\u00e9cadas de historia festera a sus espaldas, Paco Saval afronta uno de los momentos m\u00e1s especiales de su vida: ser\u00e1 el pregonero de las Festes Majors Patronals de Benidorm 2025. Figura clave en la evoluci\u00f3n del movimiento pe\u00f1ista local, fundador de la pe\u00f1a La Soca y primer presidente de la Asociaci\u00f3n de Pe\u00f1as, Saval prepara un preg\u00f3n \u201cque saldr\u00e1 del coraz\u00f3n\u201d y que promete ser tan emotivo como divertido.<\/p>  <p>\u201cEstoy encantado y abrumado por la responsabilidad. Es un honor enorme que me hayan elegido pregonero. Estoy disfrutando much\u00edsimo de este proceso\u201d, confes\u00f3 en los micr\u00f3fonos de A Vivir Benidorm, en Radio Benidorm-SER. \u201cHacer el preg\u00f3n de mi pueblo, para las reinas, la Comissi\u00f3, la Corte de Honor y nuestros patronos, es algo que no se puede describir\u201d.<\/p>  <p>Saval recuerda con orgullo los or\u00edgenes del movimiento pe\u00f1ista, del que fue pieza fundamental. \u201cPor el a\u00f1o 85 u 86 redactamos los primeros estatutos para organizar un movimiento que era muy ca\u00f3tico entonces. Lo hicimos con ilusi\u00f3n y con la ley en la mano, y al final sali\u00f3 perfecto\u201d, relata.<\/p>  <p>De aquella iniciativa pionera naci\u00f3 una estructura s\u00f3lida que hoy re\u00fane \u201cal 98% de las pe\u00f1as de Benidorm\u201d y que, cada a\u00f1o, colabora con la Comissi\u00f3 de Festes para engrandecer los d\u00edas grandes. \u201cLa historia de la Asociaci\u00f3n de Pe\u00f1as es, sin duda, una historia de \u00e9xito colectivo\u201d, asegura.<\/p>  <p>Su v\u00ednculo con las fiestas viene de lejos. \u201cSoy festero desde 1978, cuando con un grupo de amigos fundamos la pe\u00f1a La Soca en la calle Rosario. Fue la primera de Benidorm. Ten\u00edamos un local de obra, un radiocasete y un tocadiscos\u2026 y ah\u00ed empez\u00f3 todo\u201d, recuerda entre risas.<\/p>  <p>Aquel entusiasmo contagioso dio origen a un movimiento imparable. \u201cNos lo pasamos tan bien que siguieron apareciendo m\u00e1s pe\u00f1as y al final eso cristaliz\u00f3 en lo que hoy es la Asociaci\u00f3n. Luego fui mayoral en el 88, y desde entonces he estado siempre muy vinculado al mundo festero\u201d.<\/p>  <p>A una semana del preg\u00f3n, Saval admite que lleva semanas escribiendo y puliendo el texto: \u201cTengo ya medio centenar de folios y estoy intentando condensar todo lo que quiero decir. Escribir un preg\u00f3n no es f\u00e1cil: hay que respetar las tradiciones, mencionar a los patronos y, al mismo tiempo, ser original\u201d.<\/p>  <p>Promete un discurso \u201cameno y breve\u201d, de unos 15 minutos, pero lleno de sentimiento: \u201cLo que m\u00e1s me preocupa es llegar al coraz\u00f3n de todos los benidormenses. Ese es mi gran objetivo\u201d.<\/p> ","protected":false},"excerpt":{"rendered":"<p>Primer presidente de la Associaci\u00f3 de Penyes es uno de los festeros m\u00e1s veteranos de la ciudad<\/p>\n","protected":false},"author":0,"featured_media":19590,"comment_status":"","ping_status":"open","sticky":false,"template":"","format":"standard","meta":{"_acf_changed":false,"footnotes":""},"categories":[1],"tags":[],"class_list":["post-19589","post","type-post","status-publish","format-standard","has-post-thumbnail","hentry","category-sin-categoria"],"acf":{"ser_id":"AYF3BOJRB5HFRLMBCRWPNHGGUE","ser_url":"https:\/\/cadenaser.com\/comunitat-valenciana\/2025\/11\/01\/paco-saval-pregonero-de-las-festes-majors-patronals-de-benidorm-2025-radio-benidorm\/"},"_links":{"self":[{"href":"https:\/\/serbenidorm.daliisolutions.com\/index.php\/wp-json\/wp\/v2\/posts\/19589","targetHints":{"allow":["GET"]}}],"collection":[{"href":"https:\/\/serbenidorm.daliisolutions.com\/index.php\/wp-json\/wp\/v2\/posts"}],"about":[{"href":"https:\/\/serbenidorm.daliisolutions.com\/index.php\/wp-json\/wp\/v2\/types\/post"}],"replies":[{"embeddable":true,"href":"https:\/\/serbenidorm.daliisolutions.com\/index.php\/wp-json\/wp\/v2\/comments?post=19589"}],"version-history":[{"count":0,"href":"https:\/\/serbenidorm.daliisolutions.com\/index.php\/wp-json\/wp\/v2\/posts\/19589\/revisions"}],"wp:featuredmedia":[{"embeddable":true,"href":"https:\/\/serbenidorm.daliisolutions.com\/index.php\/wp-json\/wp\/v2\/media\/19590"}],"wp:attachment":[{"href":"https:\/\/serbenidorm.daliisolutions.com\/index.php\/wp-json\/wp\/v2\/media?parent=19589"}],"wp:term":[{"taxonomy":"category","embeddable":true,"href":"https:\/\/serbenidorm.daliisolutions.com\/index.php\/wp-json\/wp\/v2\/categories?post=19589"},{"taxonomy":"post_tag","embeddable":true,"href":"https:\/\/serbenidorm.daliisolutions.com\/index.php\/wp-json\/wp\/v2\/tags?post=19589"}],"curies":[{"name":"wp","href":"https:\/\/api.w.org\/{rel}","templated":true}]}}