{"id":19591,"date":"2025-11-01T14:06:10","date_gmt":"2025-11-01T13:06:10","guid":{"rendered":"https:\/\/serbenidorm.daliisolutions.com\/index.php\/2025\/11\/01\/la-presidenta-de-la-comissio-invita-a-vivir-las-fiestas-con-ilusion\/"},"modified":"2025-11-01T14:06:10","modified_gmt":"2025-11-01T13:06:10","slug":"la-presidenta-de-la-comissio-invita-a-vivir-las-fiestas-con-ilusion","status":"publish","type":"post","link":"https:\/\/serbenidorm.daliisolutions.com\/index.php\/2025\/11\/01\/la-presidenta-de-la-comissio-invita-a-vivir-las-fiestas-con-ilusion\/","title":{"rendered":"La presidenta de la Comissi\u00f3 invita a vivir las fiestas con ilusi\u00f3n"},"content":{"rendered":" <p>A pocos d\u00edas del inicio de las Festes Majors Patronals de Benidorm, la presidenta de la Comissi\u00f3 reconoce que le gustar\u00eda que el d\u00eda tuviera \u201c25 horas\u201d. Y no es para menos. Tras once intensos meses de preparativos, llega el momento culminante de un a\u00f1o de trabajo, ilusi\u00f3n y esfuerzo compartido por un grupo de festeros que ya lo tiene todo listo para el gran acontecimiento del calendario benidormense.<\/p>  <p>En conversaci\u00f3n con A Vivir Benidorm, la presidenta asegura que la experiencia ha sido \u201cmuy bonita\u201d y que la recomendar\u00eda \u201ca cualquiera que tenga esp\u00edritu festero\u201d. \u201cHay que pasar por aqu\u00ed al menos una vez\u201d, comenta con una sonrisa. A pesar de la enorme dedicaci\u00f3n que exige el cargo, confiesa que \u201cmerece la pena\u201d y que ahora s\u00f3lo queda \u201cinvitar a todo el mundo a disfrutar de los eventos y espect\u00e1culos que se han organizado\u201d.<\/p>  <p>En la entrevista, la presidenta repasa algunos de los momentos m\u00e1s especiales vividos durante el a\u00f1o, destacando la coronaci\u00f3n, la ofrenda de marzo o las verbenas populares, aunque le resulta imposible quedarse solo con uno. \u201cCada acto tiene algo que te emociona. Es mucho trabajo, pero tambi\u00e9n muy divertido\u201d, explica.<\/p>  <p>Tambi\u00e9n tiene claro cu\u00e1l es el instante que marca realmente el inicio de las fiestas: \u201cEl volteo de campanas marca el arranque oficial, pero cuando suena Festa en Benidorm y ves a todas las bandas, ah\u00ed es cuando dices \u2018\u00a1ya estamos en fiestas!\u2019\u201d.<\/p>  <p>Durante la charla, la presidenta celebra tambi\u00e9n la implicaci\u00f3n creciente de los j\u00f3venes en la parte m\u00e1s tradicional de las fiestas, algo que considera \u201cfundamental para garantizar su futuro\u201d.<\/p>  <p>\u201cMe alegra much\u00edsimo ver c\u00f3mo los j\u00f3venes se interesan cada vez m\u00e1s por nuestras ra\u00edces. No s\u00f3lo disfrutan del ocio, sino que tambi\u00e9n participan activamente en los actos m\u00e1s tradicionales\u201d, afirma.<\/p>  <p>Seg\u00fan explica, este proceso ha surgido de manera natural: \u201cEllos mismos lo han ido pidiendo. Eso ayuda a divulgar y perpetuar nuestras costumbres. Lo m\u00e1s importante no es s\u00f3lo organizar las fiestas, sino procurar que contin\u00faen los arraigos y las tradiciones que las hacen \u00fanicas\u201d.<\/p> ","protected":false},"excerpt":{"rendered":"<p>Susana Mart\u00ednez y su equipo de trabajo ya lo tienen todo listo para los d\u00edas grandes de la ciudad<\/p>\n","protected":false},"author":0,"featured_media":19592,"comment_status":"","ping_status":"open","sticky":false,"template":"","format":"standard","meta":{"_acf_changed":false,"footnotes":""},"categories":[1],"tags":[],"class_list":["post-19591","post","type-post","status-publish","format-standard","has-post-thumbnail","hentry","category-sin-categoria"],"acf":{"ser_id":"OHVBKYBNKFA2TK7LUAA2MWUTJ4","ser_url":"https:\/\/cadenaser.com\/comunitat-valenciana\/2025\/10\/30\/la-presidenta-de-la-comissio-invita-a-vivir-las-fiestas-con-ilusion-radio-benidorm\/"},"_links":{"self":[{"href":"https:\/\/serbenidorm.daliisolutions.com\/index.php\/wp-json\/wp\/v2\/posts\/19591","targetHints":{"allow":["GET"]}}],"collection":[{"href":"https:\/\/serbenidorm.daliisolutions.com\/index.php\/wp-json\/wp\/v2\/posts"}],"about":[{"href":"https:\/\/serbenidorm.daliisolutions.com\/index.php\/wp-json\/wp\/v2\/types\/post"}],"replies":[{"embeddable":true,"href":"https:\/\/serbenidorm.daliisolutions.com\/index.php\/wp-json\/wp\/v2\/comments?post=19591"}],"version-history":[{"count":0,"href":"https:\/\/serbenidorm.daliisolutions.com\/index.php\/wp-json\/wp\/v2\/posts\/19591\/revisions"}],"wp:featuredmedia":[{"embeddable":true,"href":"https:\/\/serbenidorm.daliisolutions.com\/index.php\/wp-json\/wp\/v2\/media\/19592"}],"wp:attachment":[{"href":"https:\/\/serbenidorm.daliisolutions.com\/index.php\/wp-json\/wp\/v2\/media?parent=19591"}],"wp:term":[{"taxonomy":"category","embeddable":true,"href":"https:\/\/serbenidorm.daliisolutions.com\/index.php\/wp-json\/wp\/v2\/categories?post=19591"},{"taxonomy":"post_tag","embeddable":true,"href":"https:\/\/serbenidorm.daliisolutions.com\/index.php\/wp-json\/wp\/v2\/tags?post=19591"}],"curies":[{"name":"wp","href":"https:\/\/api.w.org\/{rel}","templated":true}]}}