{"id":19618,"date":"2025-11-03T10:33:59","date_gmt":"2025-11-03T09:33:59","guid":{"rendered":"https:\/\/serbenidorm.daliisolutions.com\/index.php\/2025\/11\/03\/carlos-mazon-dimite-como-president-de-la-generalitat-pero-sin-adelanto-electoral\/"},"modified":"2025-11-03T10:33:59","modified_gmt":"2025-11-03T09:33:59","slug":"carlos-mazon-dimite-como-president-de-la-generalitat-pero-sin-adelanto-electoral","status":"publish","type":"post","link":"https:\/\/serbenidorm.daliisolutions.com\/index.php\/2025\/11\/03\/carlos-mazon-dimite-como-president-de-la-generalitat-pero-sin-adelanto-electoral\/","title":{"rendered":"Carlos Maz\u00f3n dimite como president de la Generalitat pero sin adelanto electoral"},"content":{"rendered":" <p>El president de la Generalitat, Carlos Maz\u00f3n, ha presentado su dimisi\u00f3n como jefe del Consell un a\u00f1o de intensa pol\u00e9mica sobre su gesti\u00f3n del 29 de octubre, el d\u00eda de la DANA que arras\u00f3 la provincia de Valencia <a href=\"https:\/\/cadenaser.com\/comunitat-valenciana\/2025\/02\/20\/victimas-de-la-dana-exigen-la-dimision-de-mazon-en-una-concentracion-a-las-puertas-de-les-corts-radio-valencia\/\" target=\"_blank\" rel=\"noreferrer\" title=\"https:\/\/cadenaser.com\/comunitat-valenciana\/2025\/02\/20\/victimas-de-la-dana-exigen-la-dimision-de-mazon-en-una-concentracion-a-las-puertas-de-les-corts-radio-valencia\/\">y que provoc\u00f3 229 muertos<\/a>. <\/p>  <p>En una comparecencia celebrada, este lunes, en el Palau de la Generalitat, Maz\u00f3n ha anunciado que presentaba su dimisi\u00f3n pero ha descartado el adelanto electoral.<\/p>  <p>Maz\u00f3n ha estado en el centro de la pol\u00e9mica desde pocos d\u00edas despu\u00e9s del 29 de octubre, cuando se conoci\u00f3 <a href=\"https:\/\/cadenaser.com\/nacional\/2025\/03\/03\/feijoo-sobre-la-gestion-de-la-dana-ni-la-administracion-central-ni-la-autonomica-han-estado-a-la-altura-de-la-emergencia-cadena-ser\/\" target=\"_blank\" rel=\"noreferrer\" title=\"https:\/\/cadenaser.com\/nacional\/2025\/03\/03\/feijoo-sobre-la-gestion-de-la-dana-ni-la-administracion-central-ni-la-autonomica-han-estado-a-la-altura-de-la-emergencia-cadena-ser\/\">que ese d\u00eda no cancel\u00f3 su agenda<\/a>, pese a las alertas que hab\u00eda sobre las lluvias y los caudales desde primera hora de la ma\u00f1ana, y mantuvo una comida con una periodista, a la que le ofreci\u00f3 la direcci\u00f3n de la radiotelevisi\u00f3n p\u00fablica valenciana. <\/p>  <p>Maz\u00f3n ha comenzado agradeciendo la lealtad de los reyes de Espa\u00f1a para, a continuaci\u00f3n, hacer un balance, \u00abdesde lo m\u00e1s personal\u00bb, algo, que ha intentado mantener al margen durante este a\u00f1o. El dirigente popular ha vuelto a poner el acento en que la riada fue un tsunami, \u00abuna revoluci\u00f3n meteorol\u00f3gica\u00bb sin precedentes. A partir de ah\u00ed ha destacado el \u00abesfuerzo\u00bb que ha hecho el Consell para conseguir la recuperaci\u00f3n. \u00aben tiempo r\u00e9cord\u00bb, pues cuando comenz\u00f3 la reconstrucci\u00f3n \u00abpens\u00e1bamos que \u00edbamos a tardar tres a\u00f1os\u00bb y ya casi todo est\u00e1 recuperado o en marcha. En este punto ha asegurado que \u00abtodo lo hemos hecho solos\u00bb, sin la ayuda del Gobierno al que ha criticado, nuevamente.<\/p>  <p>De lo material ha pasado a las v\u00edctimas. Aunque combin\u00e1ndolo con el \u00abejemplar\u00bb trabajo del Consell. \u00abDe las secuelas emocionales\u00bb, es a lo que he venido a hablar, ha asegurado. \u00abEs el primer d\u00eda en el que har\u00e9 referencia a mi persona. Despu\u00e9s de estos d\u00edas duros, por qu\u00e9 no decirlo, crispados. Es tiempo de reconocer los errores propios. Permitir que se generaran toda clase de bulos por no dar explicaciones a tiempo, no pedir la Emergencia Nacional porque seg\u00fan el Gobienro no iba a provocar que vinieran m\u00e1s efectivos, y sobre todo, mantener la agenda ese d\u00eda\u00bb, enumaraba Maz\u00f3n como sus principales errores. \u00abEra inimaginable lo que iba a pasar pero yo deb\u00ed haber tenido la visi\u00f3n pol\u00edtica de cancelar mi agenda al ver lo que estaba ocurriendo en Utiel. Comet\u00ed errores y voy a vivir con ellos toda mi vida. He pedido perd\u00f3n pero no hice nada por c\u00e1lculo pol\u00edtico ni por mala fe\u00bb, reconoc\u00eda para volver a poner en valor el trabajo que se hizo \u00abya, desde el d\u00eda siguiente\u00bb.<\/p>  <p>Maz\u00f3n ha denunciado una campa\u00f1a contra \u00e9l. \u00abMe han llamado asesino con una campa\u00f1a orquestada\u00bb. \u00abHan llegado a decir que estuve retrasando la alerta. Todo para tapar los fallos de los \u00f3rganos gubernamentales. Unos utilizan la desgracia pero yo no\u00bb.<\/p>  <p>El alicantino ha asegurado que nunca ha sido ajeno al sentir de la ciudadan\u00eda, para arremeter, de nuevo, contra Aemet y la Confederaci\u00f3n Hidrogr\u00e1fica del J\u00facar. \u00abPero el ruido que hay alrededor de mi persona es la excusa perfecta para tapar esos fallos. Yo no voy a llamarles asesinos por errar en sus predicciones\u00bb.<\/p>  <p>\u00abLas v\u00edctimas tienen todo el derecho a expresarse\u00bb, ha manifestado en este punto. \u00abYa no tenemos, ni mi familia ni yo la fuerza necesaria\u00bb, para liderar la recuperaci\u00f3n. \u00abYa no puedo m\u00e1s\u00bb, ha dicho asegurando que ha vivido doce meses \u00abdur\u00edsimos\u00bb tras los cuales ni \u00e9l ni su familia est\u00e1n ya preparados para continuar. \u00abHubiera dimitido hace tiempo\u00bb, ha dicho Maz\u00f3n quien ha apelado a la mayor\u00eda parlamentaria de PP y Vox que le ha respaldado: \u00abApelo a la responsabilidad de esa mayor\u00eda para elegir nuevo presidente de la Generalitat\u00bb<\/p>  <p>La decisi\u00f3n llega adem\u00e1s pocos d\u00edas despu\u00e9s de recibir los gritos y abucheos por parte de algunas familias que participaron en el funeral de Estado por las v\u00edctimas de la DANA que se celebr\u00f3 un a\u00f1o despu\u00e9s de la tragedia. Ese d\u00eda, Maz\u00f3n tuvo que escuchar los reproches de las familias delante de todas las altas autoridades del estado, incluido el l\u00edder del PP, Alberto N\u00fa\u00f1ez Feij\u00f3o. <\/p>  <p>Desde este s\u00e1bado G\u00e9nova confirm\u00f3 <a href=\"https:\/\/cadenaser.com\/comunitat-valenciana\/2025\/11\/01\/los-barones-del-pp-valenciano-se-reunen-para-analizar-la-situacion-de-mazon-radio-valencia\/\" target=\"_blank\" rel=\"noreferrer\" title=\"https:\/\/cadenaser.com\/comunitat-valenciana\/2025\/11\/01\/los-barones-del-pp-valenciano-se-reunen-para-analizar-la-situacion-de-mazon-radio-valencia\/\">que el futuro de la Comunitat Valenciana no pasaba por Carlos Maz\u00f3n<\/a> y comenz\u00f3 a buscar posibles alternativas. Este viernes se reunieron los presidentes de las tres diputaciones provinciales (Vicente Momp\u00f3, de Valencia, Toni P\u00e9rez, de Alicante y Marta Barrachina, de Castell\u00f3n) junto con el secretario general del PP, Juanfran P\u00e9rez Llorca, y acordaron pedirle a G\u00e9nova que se les tenga en cuenta para decidir los pasos tras la salida de Maz\u00f3n.<\/p>  <p>Este domingo la vicesecretaria de Regeneraci\u00f3n Democr\u00e1tica del PP, Cuca Gamarra, ha anunciado que Feij\u00f3o y Maz\u00f3n <a href=\"https:\/\/cadenaser.com\/nacional\/2025\/11\/02\/cuca-gamarra-asegura-que-mazon-y-feijoo-mantendran-una-conversacion-este-domingo-sobre-la-situacion-politica-en-la-comunitat-valenciana-cadena-ser\/\" target=\"_blank\" rel=\"noreferrer\" title=\"https:\/\/cadenaser.com\/nacional\/2025\/11\/02\/cuca-gamarra-asegura-que-mazon-y-feijoo-mantendran-una-conversacion-este-domingo-sobre-la-situacion-politica-en-la-comunitat-valenciana-cadena-ser\/\">mantendr\u00edan una reuni\u00f3n para decidir el futuro de la Comunitat Valenciana<\/a> y del PP auton\u00f3mico que ha acabado con esta dimisi\u00f3n del president.<\/p>  <p>El hasta ahora president ha cambiado de versi\u00f3n en numerosas ocasiones desde entonces y ha mantenido contradicciones sobre lo que hizo ese d\u00eda de la DANA. Meses despu\u00e9s del 29 de octubre se conoci\u00f3 que <a href=\"https:\/\/cadenaser.com\/nacional\/2025\/02\/26\/carlos-marzon-desvela-por-fin-la-hora-a-la-que-llego-a-la-reunion-del-cecopi-a-las-2028-cadena-ser\/\" target=\"_blank\" rel=\"noreferrer\" title=\"https:\/\/cadenaser.com\/nacional\/2025\/02\/26\/carlos-marzon-desvela-por-fin-la-hora-a-la-que-llego-a-la-reunion-del-cecopi-a-las-2028-cadena-ser\/\">no lleg\u00f3 a la reuni\u00f3n del CECOPI<\/a>, el m\u00e1ximo \u00f3rgano de coordinaci\u00f3n de emergencias, hasta las 20:28 de la tarde, seg\u00fan revel\u00f3 la Generalitat.<\/p>  <p>La dimisi\u00f3n de Maz\u00f3n tambi\u00e9n llega despu\u00e9s de que la investigaci\u00f3n judicial sobre la actuaci\u00f3n de las administraciones p\u00fablicas el d\u00eda de la DANA apunte directamente a la Generalitat, como responsable de las emergencias en la Comunitat Valenciana. La jueza que instruye el caso ha afirmado en sus autos que las muertes \u00aberan evitables\u00bb y que se produjo un retraso en avisar a la poblaci\u00f3n que puso en riesgo la vida de la ciudadan\u00eda.<\/p>  <p>La exconsellera de Interior, Salom\u00e9 Pradas y el exsecretario auton\u00f3mico de Emergencias, contin\u00faan investigados en esta causa como posibles autores de homicidios imprudentes por no tomar las medidas necesarias para alertar y proteger a la poblaci\u00f3n a tiempo.<\/p>  <p>Adem\u00e1s, la periodista que comi\u00f3 con \u00e9l, Maribel Vilaplana, <a href=\"https:\/\/cadenaser.com\/comunitat-valenciana\/2025\/11\/02\/mazon-se-enfrenta-este-lunes-a-una-de-las-declaraciones-clave-en-la-causa-de-la-dana-que-puede-marcar-su-futuro-judicial-radio-valencia\/\" target=\"_blank\" rel=\"noreferrer\" title=\"https:\/\/cadenaser.com\/comunitat-valenciana\/2025\/11\/02\/mazon-se-enfrenta-este-lunes-a-una-de-las-declaraciones-clave-en-la-causa-de-la-dana-que-puede-marcar-su-futuro-judicial-radio-valencia\/\">est\u00e1 citada a declarar como testigo<\/a> este lunes en la causa que investiga la DANA y tiene la obligaci\u00f3n de decir la verdad. El interrogatorio deber\u00eda servir, seg\u00fan la Audiencia de Valencia, para que cuente lo que escuch\u00f3 de las conversaciones que Maz\u00f3n tuvo por tel\u00e9fono desde El Ventorro.<\/p>  <p>Tras la dimisi\u00f3n de Maz\u00f3n, Les Corts Valencianes tendr\u00e1n que realizar una nueva votaci\u00f3n <a href=\"https:\/\/cadenaser.com\/nacional\/2025\/03\/04\/francino-senala-la-salida-a-mazon-esto-ya-no-se-aguanta-por-ningun-lado-cadena-ser\/\" target=\"_blank\" rel=\"noreferrer\" title=\"https:\/\/cadenaser.com\/nacional\/2025\/03\/04\/francino-senala-la-salida-a-mazon-esto-ya-no-se-aguanta-por-ningun-lado-cadena-ser\/\">para elegir al pr\u00f3ximo president de la Generalitat <\/a>hasta que acabe la legislatura, en primavera de 2027. Para que la investidura tenga \u00e9xito, tienen que votar a favor del candidato o candidata la mayor\u00eda de los miembros del parlamento auton\u00f3mico, que tiene 99 diputados, y el candidato tiene que ser diputado. Eso significa que, para que el PP pueda nombrar nuevo jefe del Consell, es imprescindible el apoyo de Vox. <\/p>  <p>Si transcurridos dos meses desde la primera votaci\u00f3n de investidura, ning\u00fan candidato obtuviera la confianza de Les Corts, la presidenta del parlamento auton\u00f3mico disolver\u00e1 la C\u00e1mara y el president de la Generalitat en funciones convocar\u00e1 nuevas elecciones. Mientras tanto, el president Carlos Maz\u00f3n continuar\u00e1 sus funciones hasta que, producida la nueva elecci\u00f3n estatutaria del president, se publique su nombramiento por el rey en el Bolet\u00edn Oficial del Estado.<\/p>  <p><i>Sigue toda la \u00faltima hora en el canal de Whatsapp de Radio Valencia: <\/i><a href=\"https:\/\/eur01.safelinks.protection.outlook.com\/?url=https%3A%2F%2Fwhatsapp.com%2Fchannel%2F0029VaHjyqSFHWq2Q3iHB33R&amp;data=05%7C02%7CASanchezSa%40prisaradio.com%7Cbcbba1a7cd834febfc0008dc718f345b%7Cc4fd49f3e15a44d882e2c909735d2e45%7C0%7C0%7C638510107081166370%7CUnknown%7CTWFpbGZsb3d8eyJWIjoiMC4wLjAwMDAiLCJQIjoiV2luMzIiLCJBTiI6Ik1haWwiLCJXVCI6Mn0%3D%7C0%7C%7C%7C&amp;sdata=WFs4%2BokiRyjbxmDJgRU9c1ksYZP%2F7O9hOQ0C1W8Esm0%3D&amp;reserved=0\" target=\"_blank\" rel=\"nofollow\" title=\"Direcci\u00f3n URL original: https:\/\/whatsapp.com\/channel\/0029VaHjyqSFHWq2Q3iHB33R. Haga clic o pulse si conf\u00eda en este v\u00ednculo.\"><i>haz clic aqu\u00ed y suscr\u00edbete<\/i><\/a><i> para recibir toda la informaci\u00f3n y la actualidad del d\u00eda en tu m\u00f3vil.<\/i><\/p> ","protected":false},"excerpt":{"rendered":"<p>La dimisi\u00f3n llega despu\u00e9s de que la investigaci\u00f3n judicial sobre la DANA empiece a se\u00f1alarle a \u00e9l y tras varios d\u00edas de mucha tensi\u00f3n en el PP<\/p>\n","protected":false},"author":0,"featured_media":19619,"comment_status":"","ping_status":"open","sticky":false,"template":"","format":"standard","meta":{"_acf_changed":false,"footnotes":""},"categories":[1],"tags":[],"class_list":["post-19618","post","type-post","status-publish","format-standard","has-post-thumbnail","hentry","category-sin-categoria"],"acf":{"ser_id":"QKIWUMS2YBBD5DNJ7OTEVMKZ6Y","ser_url":"https:\/\/cadenaser.com\/comunitat-valenciana\/2025\/11\/03\/carlos-mazon-dimite-como-president-de-la-generalitat-pero-sin-adelanto-electoral-radio-valencia\/"},"_links":{"self":[{"href":"https:\/\/serbenidorm.daliisolutions.com\/index.php\/wp-json\/wp\/v2\/posts\/19618","targetHints":{"allow":["GET"]}}],"collection":[{"href":"https:\/\/serbenidorm.daliisolutions.com\/index.php\/wp-json\/wp\/v2\/posts"}],"about":[{"href":"https:\/\/serbenidorm.daliisolutions.com\/index.php\/wp-json\/wp\/v2\/types\/post"}],"replies":[{"embeddable":true,"href":"https:\/\/serbenidorm.daliisolutions.com\/index.php\/wp-json\/wp\/v2\/comments?post=19618"}],"version-history":[{"count":0,"href":"https:\/\/serbenidorm.daliisolutions.com\/index.php\/wp-json\/wp\/v2\/posts\/19618\/revisions"}],"wp:featuredmedia":[{"embeddable":true,"href":"https:\/\/serbenidorm.daliisolutions.com\/index.php\/wp-json\/wp\/v2\/media\/19619"}],"wp:attachment":[{"href":"https:\/\/serbenidorm.daliisolutions.com\/index.php\/wp-json\/wp\/v2\/media?parent=19618"}],"wp:term":[{"taxonomy":"category","embeddable":true,"href":"https:\/\/serbenidorm.daliisolutions.com\/index.php\/wp-json\/wp\/v2\/categories?post=19618"},{"taxonomy":"post_tag","embeddable":true,"href":"https:\/\/serbenidorm.daliisolutions.com\/index.php\/wp-json\/wp\/v2\/tags?post=19618"}],"curies":[{"name":"wp","href":"https:\/\/api.w.org\/{rel}","templated":true}]}}