{"id":19624,"date":"2025-11-03T13:55:40","date_gmt":"2025-11-03T12:55:40","guid":{"rendered":"https:\/\/serbenidorm.daliisolutions.com\/index.php\/2025\/11\/03\/la-dimision-de-mazon-agita-el-tablero-politico-valenciano-y-deje-en-manos-de-vox-casi-todas-las-decisiones\/"},"modified":"2025-11-03T13:55:40","modified_gmt":"2025-11-03T12:55:40","slug":"la-dimision-de-mazon-agita-el-tablero-politico-valenciano-y-deje-en-manos-de-vox-casi-todas-las-decisiones","status":"publish","type":"post","link":"https:\/\/serbenidorm.daliisolutions.com\/index.php\/2025\/11\/03\/la-dimision-de-mazon-agita-el-tablero-politico-valenciano-y-deje-en-manos-de-vox-casi-todas-las-decisiones\/","title":{"rendered":"La dimisi\u00f3n de Maz\u00f3n agita el tablero pol\u00edtico valenciano y deje en manos de Vox casi todas las decisiones"},"content":{"rendered":" <p>La dimisi\u00f3n de Carlos Maz\u00f3n como presidente de la Generalitat ha puesto todo patas arriba. De hecho la actividad de Les Corts se va a ver notablemente salpicada por la urgente necesidad de buscar un relevo en la bancada del grupo popular. Son dos los nombres que m\u00e1s suenan para convertirse en jefe del Consell hasta mayo de 2027: Juan Francisco P\u00e9rez Llorca y Maria Jos\u00e9 Catal\u00e1.<\/p>  <p>Ambos, adem\u00e1s de ser diputados auton\u00f3micos (condici\u00f3n indispensable para ser president de la Generalitat), son alcaldes. Catal\u00e1 es alcaldesa de Val\u00e8ncia y P\u00e9rez Llorca de Finestrat. \u00c9ste \u00faltimo adem\u00e1s es el secretario general del PP en la Comunitat Valenciana, es decir, el n\u00famero 2 del partido.<\/p>  <p>Para que el relevo se viable y se produzca r\u00e1pido es necesario que Vox colabore y facilite las cosas. Eso ser\u00eda gracias a un acuerdo en el que PP y Vox habr\u00edan estado trabajando ya este pasado fin de semana. Y es que, seg\u00fan ha podido confirmar la SER este fin de semana, mientras Maz\u00f3n se reun\u00eda con su c\u00edrculo m\u00e1s pr\u00f3ximo para tomar una decisi\u00f3n, se produc\u00edan contactos entre el PP y Vox a escala local.<\/p>  <p>En cualquier caso, una vez formalizada la dimisi\u00f3n de Maz\u00f3n, la presidenta de Les Corts tendr\u00e1 que contactar con los portavoces de los grupos y proponer a un candidato. \u00c9ste debe conseguir la mayor\u00eda absoluta en primera votaci\u00f3n o la mayor\u00eda simple en segunda votaci\u00f3n para convertirse en president. En ambos casos necesitar\u00eda el apoyo de Vox. Desde la primera votaci\u00f3n, los diputados tienen dos meses para elegir nuevo jefe del Consell y si ninguno lo consigue, se convocar\u00edan elecciones anticipadas.<\/p>  <p>Desde la presentaci\u00f3n de la renuncia de Maz\u00f3n son doce d\u00edas h\u00e1biles los que tienen los grupos para presentar candidaturas. Luego hay entre tres y siete d\u00edas para convocar el pleno de investidura y hay dos meses para elegir presidente. Desde que se registre el papel con la dimisi\u00f3n de Maz\u00f3n, hay 12 d\u00edas h\u00e1biles para que los grupos propongan candidatos. Si el papel se presenta este lunes y se agotaran los 12 d\u00edas, el margen que tienen es hasta el 20 de noviembre. <\/p>  <p>Luego hay otros entre 3 y 7 d\u00edas h\u00e1biles para que la presidenta de las Corts, Llanos Mass\u00f3, tras la ronda de consultas con los grupos, proponga al candidato que tenga m\u00e1s apoyos. Si se cumple ese plazo y no hay contratiempos, nos ir\u00edamos a la \u00faltima semana de noviembre. En todo este tiempo Maz\u00f3n continuar\u00e1 en funciones hasta que se elija al nuevo presidente.<\/p>  <p>Y luego est\u00e1 Maz\u00f3n, que tiene previsto presidir el pleno del Consell de este martes. Lo que es una inc\u00f3gnita es si se llevar\u00e1 a cabo la remodelaci\u00f3n del gobierno que el propio Maz\u00f3n anunci\u00f3 esta semana para suplir la salida del vicepresidente Gan Pampols. Otra inc\u00f3gnita es saber si mantendr\u00e1 el acta de diputado auton\u00f3mico. Todo parece que ser\u00e1 as\u00ed. Es la f\u00f3rmula para preservar el aforamiento de cara a una posible imputaci\u00f3n de la justicia.<\/p>  <p><i>Sigue toda la \u00faltima hora en el canal de Whatsapp de Radio Valencia: <\/i><a href=\"https:\/\/eur01.safelinks.protection.outlook.com\/?url=https%3A%2F%2Fwhatsapp.com%2Fchannel%2F0029VaHjyqSFHWq2Q3iHB33R&amp;data=05%7C02%7Cjagimenez%40prisaradio.com%7Cd29625b9410b48486c1708dc7a567016%7Cc4fd49f3e15a44d882e2c909735d2e45%7C0%7C0%7C638519758883426830%7CUnknown%7CTWFpbGZsb3d8eyJWIjoiMC4wLjAwMDAiLCJQIjoiV2luMzIiLCJBTiI6Ik1haWwiLCJXVCI6Mn0%3D%7C0%7C%7C%7C&amp;sdata=Djqn4y3S5Pd25t9ESJ4hiq6KGEVBUCKst1eYePhDAHA%3D&amp;reserved=0\" target=\"_blank\" rel=\"nofollow\" title=\"Direcci\u00f3n URL original: https:\/\/whatsapp.com\/channel\/0029VaHjyqSFHWq2Q3iHB33R. Haga clic o pulse si conf\u00eda en este v\u00ednculo.\"><i>haz clic aqu\u00ed y suscr\u00edbete<\/i><\/a><i> para recibir toda la informaci\u00f3n y la actualidad del d\u00eda en tu m\u00f3vil.<\/i><\/p> ","protected":false},"excerpt":{"rendered":"<p>PP-Vox habr\u00edan mantenido conversaciones este fin de semana para acercar posiciones y facilitar el relevo de Maz\u00f3n en el parlamento valenciano<\/p>\n","protected":false},"author":0,"featured_media":19625,"comment_status":"","ping_status":"open","sticky":false,"template":"","format":"standard","meta":{"_acf_changed":false,"footnotes":""},"categories":[1],"tags":[],"class_list":["post-19624","post","type-post","status-publish","format-standard","has-post-thumbnail","hentry","category-sin-categoria"],"acf":{"ser_id":"U5LSK6N64ZB5LA5CMQXCJYHJHE","ser_url":"https:\/\/cadenaser.com\/comunitat-valenciana\/2025\/11\/03\/la-dimision-de-mazon-agita-el-tablero-politico-valenciano-y-deje-en-manos-de-vox-casi-todas-las-decisiones-radio-valencia\/"},"_links":{"self":[{"href":"https:\/\/serbenidorm.daliisolutions.com\/index.php\/wp-json\/wp\/v2\/posts\/19624","targetHints":{"allow":["GET"]}}],"collection":[{"href":"https:\/\/serbenidorm.daliisolutions.com\/index.php\/wp-json\/wp\/v2\/posts"}],"about":[{"href":"https:\/\/serbenidorm.daliisolutions.com\/index.php\/wp-json\/wp\/v2\/types\/post"}],"replies":[{"embeddable":true,"href":"https:\/\/serbenidorm.daliisolutions.com\/index.php\/wp-json\/wp\/v2\/comments?post=19624"}],"version-history":[{"count":0,"href":"https:\/\/serbenidorm.daliisolutions.com\/index.php\/wp-json\/wp\/v2\/posts\/19624\/revisions"}],"wp:featuredmedia":[{"embeddable":true,"href":"https:\/\/serbenidorm.daliisolutions.com\/index.php\/wp-json\/wp\/v2\/media\/19625"}],"wp:attachment":[{"href":"https:\/\/serbenidorm.daliisolutions.com\/index.php\/wp-json\/wp\/v2\/media?parent=19624"}],"wp:term":[{"taxonomy":"category","embeddable":true,"href":"https:\/\/serbenidorm.daliisolutions.com\/index.php\/wp-json\/wp\/v2\/categories?post=19624"},{"taxonomy":"post_tag","embeddable":true,"href":"https:\/\/serbenidorm.daliisolutions.com\/index.php\/wp-json\/wp\/v2\/tags?post=19624"}],"curies":[{"name":"wp","href":"https:\/\/api.w.org\/{rel}","templated":true}]}}