{"id":19637,"date":"2025-11-04T07:14:43","date_gmt":"2025-11-04T06:14:43","guid":{"rendered":"https:\/\/serbenidorm.daliisolutions.com\/index.php\/2025\/11\/04\/asi-viven-las-fiestas-de-benidorm-policias-sanitarios-deportistas-musicos-o-periodistas\/"},"modified":"2025-11-04T07:14:43","modified_gmt":"2025-11-04T06:14:43","slug":"asi-viven-las-fiestas-de-benidorm-policias-sanitarios-deportistas-musicos-o-periodistas","status":"publish","type":"post","link":"https:\/\/serbenidorm.daliisolutions.com\/index.php\/2025\/11\/04\/asi-viven-las-fiestas-de-benidorm-policias-sanitarios-deportistas-musicos-o-periodistas\/","title":{"rendered":"As\u00ed viven las Fiestas de Benidorm polic\u00edas, sanitarios, deportistas, m\u00fasicos o periodistas"},"content":{"rendered":" <p>Durante la semana previa a les Festes Majors Patronals los vecinos, pe\u00f1istas y profesionales de distintos \u00e1mbitos de la ciudad, se asoman a <a href=\"https:\/\/cadenaser.com\/tag\/benidorm\/a\/\" target=\"_blank\" rel=\"nofollow\" title=\"https:\/\/cadenaser.com\/tag\/benidorm\/a\/\">La Ventana de la Marina Baixa<\/a> como protagonistas. Mientras termina la cuenta atr\u00e1s vamos sumando, cada tarde a las 19:20, un testimonio diferente de c\u00f3mo se viven los d\u00edas grandes de Benidorm.<\/p> ","protected":false},"excerpt":{"rendered":"<p>Los pe\u00f1istas cuentan c\u00f3mo viven los d\u00edas grandes de la ciudad y c\u00f3mo lo compaginan con su trabajo<\/p>\n","protected":false},"author":0,"featured_media":19638,"comment_status":"","ping_status":"open","sticky":false,"template":"","format":"standard","meta":{"_acf_changed":false,"footnotes":""},"categories":[1],"tags":[],"class_list":["post-19637","post","type-post","status-publish","format-standard","has-post-thumbnail","hentry","category-sin-categoria"],"acf":{"ser_id":"FNLD4VTEYBCS7E32ZMYDNF3WIQ","ser_url":"https:\/\/cadenaser.com\/comunitat-valenciana\/2025\/11\/03\/asi-viven-las-fiestas-de-benidorm-policias-sanitarios-deportistas-musicos-o-periodistas-radio-benidorm\/"},"_links":{"self":[{"href":"https:\/\/serbenidorm.daliisolutions.com\/index.php\/wp-json\/wp\/v2\/posts\/19637","targetHints":{"allow":["GET"]}}],"collection":[{"href":"https:\/\/serbenidorm.daliisolutions.com\/index.php\/wp-json\/wp\/v2\/posts"}],"about":[{"href":"https:\/\/serbenidorm.daliisolutions.com\/index.php\/wp-json\/wp\/v2\/types\/post"}],"replies":[{"embeddable":true,"href":"https:\/\/serbenidorm.daliisolutions.com\/index.php\/wp-json\/wp\/v2\/comments?post=19637"}],"version-history":[{"count":0,"href":"https:\/\/serbenidorm.daliisolutions.com\/index.php\/wp-json\/wp\/v2\/posts\/19637\/revisions"}],"wp:featuredmedia":[{"embeddable":true,"href":"https:\/\/serbenidorm.daliisolutions.com\/index.php\/wp-json\/wp\/v2\/media\/19638"}],"wp:attachment":[{"href":"https:\/\/serbenidorm.daliisolutions.com\/index.php\/wp-json\/wp\/v2\/media?parent=19637"}],"wp:term":[{"taxonomy":"category","embeddable":true,"href":"https:\/\/serbenidorm.daliisolutions.com\/index.php\/wp-json\/wp\/v2\/categories?post=19637"},{"taxonomy":"post_tag","embeddable":true,"href":"https:\/\/serbenidorm.daliisolutions.com\/index.php\/wp-json\/wp\/v2\/tags?post=19637"}],"curies":[{"name":"wp","href":"https:\/\/api.w.org\/{rel}","templated":true}]}}