{"id":19649,"date":"2025-11-04T13:05:18","date_gmt":"2025-11-04T12:05:18","guid":{"rendered":"https:\/\/serbenidorm.daliisolutions.com\/index.php\/2025\/11\/04\/ultimos-datos-del-paro-en-benidorm-y-la-marina-baixa-mas-desempleados-en-turismo-y-menos-en-construccion\/"},"modified":"2025-11-04T13:05:18","modified_gmt":"2025-11-04T12:05:18","slug":"ultimos-datos-del-paro-en-benidorm-y-la-marina-baixa-mas-desempleados-en-turismo-y-menos-en-construccion","status":"publish","type":"post","link":"https:\/\/serbenidorm.daliisolutions.com\/index.php\/2025\/11\/04\/ultimos-datos-del-paro-en-benidorm-y-la-marina-baixa-mas-desempleados-en-turismo-y-menos-en-construccion\/","title":{"rendered":"\u00daltimos datos del paro en Benidorm y la Marina Baixa: m\u00e1s desempleados en turismo y menos en construcci\u00f3n"},"content":{"rendered":" <p>Los \u00faltimos datos del paro en Benidorm y la Marina Baixa dan una de cal y otra de arena. Mientras el desempleo ha experimentado un ligero repunte en el \u00faltimo mes por el siempre importante peso del sector tur\u00edstico, el actual n\u00famero de demandantes de empleo en la comarca (8.294) es inferior al de hace justo un a\u00f1o en m\u00e1s de 700 personas.<\/p>  <p>Este peque\u00f1o aumento mensual, 93 parados m\u00e1s, deja tambi\u00e9n otros datos destacados: <a href=\"https:\/\/cadenaser.com\/tag\/benidorm\/a\/\" target=\"_blank\" rel=\"nofollow\" title=\"https:\/\/cadenaser.com\/tag\/benidorm\/a\/\">hay 98 desempleados m\u00e1s en el sector de los servicios pero 27 menos en la construcci\u00f3n<\/a>. <\/p>  <p>Durante octubre se firmaron casi 5.000 nuevos contratos y cerca de 2.500, la mitad, son temporales. La responsable de UGT en las Marinas, Yolanda D\u00edaz, ha puesto as\u00ed el foco en la estacionalidad: \u00abHay mano de obra que est\u00e1 siendo expulsada desde el mes de agosto\u00bb.<\/p>  <p>Desde Comisiones Obreras el secretario provincial de Empleo Jos\u00e9 Mar\u00eda Ruiz hace una valoraci\u00f3n \u00abmala pero esperable\u00bb en el corto plazo y vuelve a reclamar un giro en el patr\u00f3n productivo \u00abpatol\u00f3gicamente ligado al sol y playa\u00bb para fortalecer el mercado laboral comarcal y \u00ababandonar la precariedad abusiva que se utiliza para abaratar costes y que los beneficios se acumulen en el mismo lado siempre\u00bb.<\/p>  <p>En la ciudad de Benidorm el paro ha subido en 70 personas en el \u00faltimo mes, pero ha bajado en m\u00e1s de 200 respecto al a\u00f1o pasado, fi\u00e1ndose en 3.004 desempleados. <\/p> ","protected":false},"excerpt":{"rendered":"<p>El ligero repunte del paro en la comarca durante el \u00faltimo mes contrasta con el notable descenso respecto a hace un a\u00f1o<\/p>\n","protected":false},"author":0,"featured_media":19650,"comment_status":"","ping_status":"open","sticky":false,"template":"","format":"standard","meta":{"_acf_changed":false,"footnotes":""},"categories":[1],"tags":[],"class_list":["post-19649","post","type-post","status-publish","format-standard","has-post-thumbnail","hentry","category-sin-categoria"],"acf":{"ser_id":"NFOZFPTFEZEWHP6XTW4VCMGBNE","ser_url":"https:\/\/cadenaser.com\/comunitat-valenciana\/2025\/11\/04\/ultimos-datos-del-paro-en-benidorm-y-la-marina-baixa-mas-desempleados-en-turismo-y-menos-en-construccion-radio-benidorm\/"},"_links":{"self":[{"href":"https:\/\/serbenidorm.daliisolutions.com\/index.php\/wp-json\/wp\/v2\/posts\/19649","targetHints":{"allow":["GET"]}}],"collection":[{"href":"https:\/\/serbenidorm.daliisolutions.com\/index.php\/wp-json\/wp\/v2\/posts"}],"about":[{"href":"https:\/\/serbenidorm.daliisolutions.com\/index.php\/wp-json\/wp\/v2\/types\/post"}],"replies":[{"embeddable":true,"href":"https:\/\/serbenidorm.daliisolutions.com\/index.php\/wp-json\/wp\/v2\/comments?post=19649"}],"version-history":[{"count":0,"href":"https:\/\/serbenidorm.daliisolutions.com\/index.php\/wp-json\/wp\/v2\/posts\/19649\/revisions"}],"wp:featuredmedia":[{"embeddable":true,"href":"https:\/\/serbenidorm.daliisolutions.com\/index.php\/wp-json\/wp\/v2\/media\/19650"}],"wp:attachment":[{"href":"https:\/\/serbenidorm.daliisolutions.com\/index.php\/wp-json\/wp\/v2\/media?parent=19649"}],"wp:term":[{"taxonomy":"category","embeddable":true,"href":"https:\/\/serbenidorm.daliisolutions.com\/index.php\/wp-json\/wp\/v2\/categories?post=19649"},{"taxonomy":"post_tag","embeddable":true,"href":"https:\/\/serbenidorm.daliisolutions.com\/index.php\/wp-json\/wp\/v2\/tags?post=19649"}],"curies":[{"name":"wp","href":"https:\/\/api.w.org\/{rel}","templated":true}]}}