{"id":19653,"date":"2025-11-04T15:06:29","date_gmt":"2025-11-04T14:06:29","guid":{"rendered":"https:\/\/serbenidorm.daliisolutions.com\/index.php\/2025\/11\/04\/consulta-toda-la-programacion-de-benidorm-por-el-dia-contra-la-violencia-de-genero\/"},"modified":"2025-11-04T15:06:29","modified_gmt":"2025-11-04T14:06:29","slug":"consulta-toda-la-programacion-de-benidorm-por-el-dia-contra-la-violencia-de-genero","status":"publish","type":"post","link":"https:\/\/serbenidorm.daliisolutions.com\/index.php\/2025\/11\/04\/consulta-toda-la-programacion-de-benidorm-por-el-dia-contra-la-violencia-de-genero\/","title":{"rendered":"Consulta toda la programaci\u00f3n de Benidorm por el D\u00eda Contra la Violencia de G\u00e9nero"},"content":{"rendered":" <p>La Concejal\u00eda de Igualdad del Ayuntamiento de Benidorm ha dise\u00f1ado un amplio programa de actividades con motivo del 25 de noviembre, D\u00eda Internacional para la Eliminaci\u00f3n de la Violencia contra las Mujeres, que se extender\u00e1 del 17 al 30 de noviembre. La propuesta incluye iniciativas formativas, l\u00fadicas y culturales con el objetivo de concienciar y movilizar a la ciudadan\u00eda contra la violencia machista.<\/p>  <p>La concejala del \u00e1rea, \u00c1ngela Zaragoz\u00ed, ha explicado en <a href=\"https:\/\/radiobenidorm.es\" target=\"_blank\" rel=\"nofollow\" title=\"https:\/\/radiobenidorm.es\">Hoy por Hoy Benidorm<\/a> que este a\u00f1o se ha buscado \u201c<a href=\"https:\/\/cadenaser.com\/comunitat-valenciana\/2025\/02\/24\/asi-es-el-programa-de-benidorm-para-conmemorar-el-dia-de-la-mujer-radio-benidorm\/\" target=\"_blank\" rel=\"nofollow\" title=\"https:\/\/cadenaser.com\/comunitat-valenciana\/2025\/02\/24\/asi-es-el-programa-de-benidorm-para-conmemorar-el-dia-de-la-mujer-radio-benidorm\/\">un programa diferente y con actividades diversas\u201d que lleguen a todos los p\u00fablicos,<\/a> sin olvidar que el 25 de noviembre ser\u00e1 el d\u00eda clave. Esa jornada, a las 10:00 horas, se realizar\u00e1 la tradicional foto institucional en la plaza de Sus Majestades los Reyes de Espa\u00f1a, en la que la ciudad reafirmar\u00e1 su rechazo a la violencia de g\u00e9nero.<\/p>  <p>El programa arrancar\u00e1 el lunes 17 de noviembre con la inauguraci\u00f3n de la Exposici\u00f3n de Carteles contra la Violencia de G\u00e9nero, elaborados por el alumnado del IES Pere Maria Orts i Bosch. La muestra podr\u00e1 visitarse hasta el 30 de noviembre en el Espai d\u2019Art del Ayuntamiento. <\/p>  <p>Adem\u00e1s, del 18 al 30 de noviembre, los centros sociales La Torreta, Jos\u00e9 Llorca Linares y el Centro de Mediaci\u00f3n acoger\u00e1n el proyecto interactivo \u2018\u00bfQu\u00e9 sabes de\u2026? Destapando verdades sobre la violencia de g\u00e9nero\u2019, una iniciativa que busca desmontar mitos y falsas creencias a trav\u00e9s de paneles informativos.<\/p>  <p>Entre las actividades m\u00e1s participativas destaca el \u2018escape room\u2019 \u201cCaixa Misteriosa sobre Micromachismes\u201d, que tendr\u00e1 lugar el viernes 21 de noviembre, de 16:00 a 21:00 horas, en el Centro Cultural. Se trata de una propuesta gratuita con formato de mesas de juego para grupos de hasta seis personas, que pretende reflexionar sobre los micromachismos desde una perspectiva din\u00e1mica y divertida.<\/p>  <p>La programaci\u00f3n continuar\u00e1 el s\u00e1bado 22 de noviembre, a las 19:00 horas, con el espect\u00e1culo de danza \u2018At\u00e1vicas\u2019, reconocido en distintos cert\u00e1menes nacionales y que se presentar\u00e1 en el Auditorio del Centro Cultural. Las entradas, a un precio de 8 euros, pueden adquirirse en <a href=\"\" target=\"_blank\" rel=\"nofollow\">www.vivaticket.es<\/a> o en la Concejal\u00eda de Cultura. <\/p>  <p>El lunes 24, a las 18:00 horas, se proyectar\u00e1 en el Sal\u00f3n de Actos del Ayuntamiento el documental \u2018Desnudas\u2019, de Esmeralda Marug\u00e1n, seguido de un coloquio con sus protagonistas.<\/p>  <p>Por \u00faltimo, entre el 26 y el 28 de noviembre, los centros sociales La Torreta, Jelena y el Centro de Mediaci\u00f3n de Els Tolls acoger\u00e1n talleres sobre masculinidades y cuidado de personas dependientes, completando una programaci\u00f3n variada y descentralizada. Zaragoz\u00ed ha invitado a toda la ciudadan\u00eda a participar y ha subrayado la importancia de \u201caprender a identificar la violencia machista y actuar frente a ella\u201d.<\/p> ","protected":false},"excerpt":{"rendered":"<p>Exposiciones, talleres, danza, un documental y un \u2018escape room\u2019 entre el 17 y el 30 de noviembre<\/p>\n","protected":false},"author":0,"featured_media":19654,"comment_status":"","ping_status":"open","sticky":false,"template":"","format":"standard","meta":{"_acf_changed":false,"footnotes":""},"categories":[1],"tags":[],"class_list":["post-19653","post","type-post","status-publish","format-standard","has-post-thumbnail","hentry","category-sin-categoria"],"acf":{"ser_id":"MMPTCEPJP5AD5O6CX4SYN5DCPI","ser_url":"https:\/\/cadenaser.com\/comunitat-valenciana\/2025\/11\/04\/consulta-toda-la-programacion-de-benidorm-por-el-dia-contra-la-violencia-de-genero-radio-benidorm\/"},"_links":{"self":[{"href":"https:\/\/serbenidorm.daliisolutions.com\/index.php\/wp-json\/wp\/v2\/posts\/19653","targetHints":{"allow":["GET"]}}],"collection":[{"href":"https:\/\/serbenidorm.daliisolutions.com\/index.php\/wp-json\/wp\/v2\/posts"}],"about":[{"href":"https:\/\/serbenidorm.daliisolutions.com\/index.php\/wp-json\/wp\/v2\/types\/post"}],"replies":[{"embeddable":true,"href":"https:\/\/serbenidorm.daliisolutions.com\/index.php\/wp-json\/wp\/v2\/comments?post=19653"}],"version-history":[{"count":0,"href":"https:\/\/serbenidorm.daliisolutions.com\/index.php\/wp-json\/wp\/v2\/posts\/19653\/revisions"}],"wp:featuredmedia":[{"embeddable":true,"href":"https:\/\/serbenidorm.daliisolutions.com\/index.php\/wp-json\/wp\/v2\/media\/19654"}],"wp:attachment":[{"href":"https:\/\/serbenidorm.daliisolutions.com\/index.php\/wp-json\/wp\/v2\/media?parent=19653"}],"wp:term":[{"taxonomy":"category","embeddable":true,"href":"https:\/\/serbenidorm.daliisolutions.com\/index.php\/wp-json\/wp\/v2\/categories?post=19653"},{"taxonomy":"post_tag","embeddable":true,"href":"https:\/\/serbenidorm.daliisolutions.com\/index.php\/wp-json\/wp\/v2\/tags?post=19653"}],"curies":[{"name":"wp","href":"https:\/\/api.w.org\/{rel}","templated":true}]}}