{"id":19655,"date":"2025-11-04T15:06:31","date_gmt":"2025-11-04T14:06:31","guid":{"rendered":"https:\/\/serbenidorm.daliisolutions.com\/index.php\/2025\/11\/04\/la-nucia-y-la-montana-de-la-marina-baixa-vuelven-a-vibrar-con-el-rallye-costa-blanca\/"},"modified":"2025-11-04T15:06:31","modified_gmt":"2025-11-04T14:06:31","slug":"la-nucia-y-la-montana-de-la-marina-baixa-vuelven-a-vibrar-con-el-rallye-costa-blanca","status":"publish","type":"post","link":"https:\/\/serbenidorm.daliisolutions.com\/index.php\/2025\/11\/04\/la-nucia-y-la-montana-de-la-marina-baixa-vuelven-a-vibrar-con-el-rallye-costa-blanca\/","title":{"rendered":"La Nuc\u00eda y la monta\u00f1a de la Marina Baixa vuelven a vibrar con el Rallye Costa Blanca"},"content":{"rendered":" <p>La emoci\u00f3n del motor regresa esta semana a la provincia con la celebraci\u00f3n del 31 Rallye La Nuc\u00eda-Mediterr\u00e1neo-Trofeo Costa Blanca, que se disputar\u00e1 los d\u00edas 6, 7 y 8 de noviembre. La prueba, organizada por el Autom\u00f3vil Club AIA, convertir\u00e1 una vez m\u00e1s a La Nuc\u00eda en el epicentro del automovilismo nacional.<\/p>  <p>Despu\u00e9s de que los cambios en el calendario situaran la cita nuciera el pasado a\u00f1o dentro del Campeonato de Espa\u00f1a de Rallyes de Asfalto (CERA), en este 2025 la prueba regresa al Supercampeonato de Espa\u00f1a (S-CER) siendo puntuable tambi\u00e9n para el International Iberian Rally Trophy (IIRT) de la FIA y para el auton\u00f3mico. Un evento de primer nivel que recorrer\u00e1 m\u00e1s de 30 municipios de la monta\u00f1a alicantina, con un total de 643 kil\u00f3metros, de los que 161 ser\u00e1n cronometrados en doce espectaculares tramos.<\/p>  <p>La ceremonia de salida, con entrada libre, tendr\u00e1 lugar este jueves 6 de noviembre (20:00 hrs) en la pla\u00e7a de les Nits, donde los aficionados podr\u00e1n disfrutar de cerca de los veh\u00edculos y pilotos participantes.<\/p>  <p>El viernes 7 arrancar\u00e1 la competici\u00f3n con seis tramos: Pinos-Xal\u00f3, Pego-Vall d\u2019Ebo y Castells-Famorca-Fageca-Quatretondeta, todos ellos en doble pasada, con la segunda ronda nocturna, a partir de las 20:00 horas.<\/p>  <p>El s\u00e1bado 8, desde las 9:15 horas, se celebrar\u00e1n los tramos Benassau-Gorga, Pen\u00e0guila-Relleu y Guadalest-Callosa d\u2019en Sarri\u00e0, que se repetir\u00e1n por la tarde antes de la ceremonia de entrega de trofeos en el Pabell\u00f3n Muixara de La Nuc\u00eda, a las 19:15 horas.<\/p>  <p>La Ciutat Esportiva Camilo Cano volver\u00e1 a ser el centro neur\u00e1lgico del rallye, albergando el parque de asistencia, la direcci\u00f3n de carrera, la sala de prensa y todos los servicios t\u00e9cnicos.<\/p>  <p>En el apartado deportivo, el Rallye de La Nuc\u00eda contar\u00e1 con una parrilla de lujo. Adem\u00e1s de los principales aspirantes al subcampeonato del S-CER, Pepe L\u00f3pez (Hyundai) y Javier Pardo (Skoda), destaca la presencia del noruego Andreas Mikkelsen, doble campe\u00f3n mundial WRC2, y del norirland\u00e9s Phillip Allen, ambos con veh\u00edculos Rally2.<\/p>  <p>El alcalde de La Nuc\u00eda y diputado provincial de Deportes, Bernab\u00e9 Cano, ha destacado el impacto de la prueba:<\/p>  <p>\u201cEl Rallye La Nuc\u00eda tiene un retorno econ\u00f3mico de m\u00e1s de ocho millones de euros y una repercusi\u00f3n medi\u00e1tica enorme. Es una plataforma excepcional para promocionar el interior de la provincia y nuestro proyecto de Ciudad del Deporte\u201d.<\/p>  <p>La prueba ser\u00e1 retransmitida en directo por Teledeporte y DAZN, consolidando su alcance nacional e internacional.<\/p>  <p>Entre las novedades de esta edici\u00f3n, el director del rallye, Vicente Cabanes, ha anunciado la realizaci\u00f3n de c\u00e1lculos de la huella de carbono y la puesta en marcha de acciones para reducir el impacto ambiental del evento, cumpliendo con la nueva normativa medioambiental.<\/p>  <p>\u201cQueremos que el Rallye de La Nuc\u00eda siga siendo un referente deportivo, pero tambi\u00e9n un ejemplo de respeto por el entorno\u201d, se\u00f1al\u00f3 Cabanes.<\/p>  <p>Con emoci\u00f3n, sostenibilidad y espect\u00e1culo garantizados, el Rallye La Nuc\u00eda-Trofeo Costa Blanca promete tres jornadas intensas en las que el rugir de los motores volver\u00e1 a hacer vibrar a miles de aficionados en la monta\u00f1a alicantina.<\/p> ","protected":false},"excerpt":{"rendered":"<p>La ceremonia de salida tendr\u00e1 lugar este jueves en la Pla\u00e7a de Les Nits con entrada gratuita<\/p>\n","protected":false},"author":0,"featured_media":19656,"comment_status":"","ping_status":"open","sticky":false,"template":"","format":"standard","meta":{"_acf_changed":false,"footnotes":""},"categories":[16],"tags":[],"class_list":["post-19655","post","type-post","status-publish","format-standard","has-post-thumbnail","hentry","category-deportes"],"acf":{"ser_id":"VB2O6NLS3ZAJLE7LZKPGANCQV4","ser_url":"https:\/\/cadenaser.com\/comunitat-valenciana\/2025\/11\/04\/la-nucia-y-la-montana-de-la-marina-baixa-vuelven-a-vibrar-con-el-rallye-costa-blanca-radio-benidorm\/"},"_links":{"self":[{"href":"https:\/\/serbenidorm.daliisolutions.com\/index.php\/wp-json\/wp\/v2\/posts\/19655","targetHints":{"allow":["GET"]}}],"collection":[{"href":"https:\/\/serbenidorm.daliisolutions.com\/index.php\/wp-json\/wp\/v2\/posts"}],"about":[{"href":"https:\/\/serbenidorm.daliisolutions.com\/index.php\/wp-json\/wp\/v2\/types\/post"}],"replies":[{"embeddable":true,"href":"https:\/\/serbenidorm.daliisolutions.com\/index.php\/wp-json\/wp\/v2\/comments?post=19655"}],"version-history":[{"count":0,"href":"https:\/\/serbenidorm.daliisolutions.com\/index.php\/wp-json\/wp\/v2\/posts\/19655\/revisions"}],"wp:featuredmedia":[{"embeddable":true,"href":"https:\/\/serbenidorm.daliisolutions.com\/index.php\/wp-json\/wp\/v2\/media\/19656"}],"wp:attachment":[{"href":"https:\/\/serbenidorm.daliisolutions.com\/index.php\/wp-json\/wp\/v2\/media?parent=19655"}],"wp:term":[{"taxonomy":"category","embeddable":true,"href":"https:\/\/serbenidorm.daliisolutions.com\/index.php\/wp-json\/wp\/v2\/categories?post=19655"},{"taxonomy":"post_tag","embeddable":true,"href":"https:\/\/serbenidorm.daliisolutions.com\/index.php\/wp-json\/wp\/v2\/tags?post=19655"}],"curies":[{"name":"wp","href":"https:\/\/api.w.org\/{rel}","templated":true}]}}