{"id":19686,"date":"2025-11-05T17:37:19","date_gmt":"2025-11-05T16:37:19","guid":{"rendered":"https:\/\/serbenidorm.daliisolutions.com\/index.php\/2025\/11\/05\/comienza-el-juicio-por-el-caso-enchufes-de-benidorm-ocho-acusados-tres-delitos-y-32-testigos\/"},"modified":"2025-11-05T17:37:19","modified_gmt":"2025-11-05T16:37:19","slug":"comienza-el-juicio-por-el-caso-enchufes-de-benidorm-ocho-acusados-tres-delitos-y-32-testigos","status":"publish","type":"post","link":"https:\/\/serbenidorm.daliisolutions.com\/index.php\/2025\/11\/05\/comienza-el-juicio-por-el-caso-enchufes-de-benidorm-ocho-acusados-tres-delitos-y-32-testigos\/","title":{"rendered":"Comienza el juicio por el &#8216;Caso Enchufes&#8217; de Benidorm: ocho acusados, tres delitos y 32 testigos"},"content":{"rendered":" <p>Este jueves empieza en la Audiencia Provincial de Alicante, despu\u00e9s de 12 a\u00f1os, el juicio por 43 supuestos enchufes en el Ayuntamiento de Benidorm. Seg\u00fan el se\u00f1alamiento al que ha tenido acceso <a href=\"https:\/\/cadenaser.com\/tag\/benidorm\/a\/\" target=\"_blank\" rel=\"nofollow\" title=\"https:\/\/cadenaser.com\/tag\/benidorm\/a\/\">Radio Benidorm<\/a> hay ocho acusados de prevaricaci\u00f3n, malversaci\u00f3n o tr\u00e1fico de influencias y van a participar 32 testigos en seis sesiones. <\/p>  <p>Sesiones que se van a prolongar hasta el 16 de diciembre y en las que la Fiscal\u00eda presenta peticiones de hasta cuatro a\u00f1os de prisi\u00f3n y ocho de inhabilitaci\u00f3n por irregularidades en la contrataci\u00f3n de personal vinculado al PSOE entre 2009 y 2012.<\/p>  <p>Los imputados, que declarar\u00e1n en este primer d\u00eda de juicio, son los exconcejales socialistas Natalia Guijarro (Hacienda) y Juan Ram\u00f3n Mart\u00ednez (Recursos Humanos), as\u00ed como Jos\u00e9 Asensio Salamero, entonces jefe de Contrataci\u00f3n; Daniel Caneiro, de Personal; Mar\u00eda Dolores Cant\u00f3, t\u00e9cnica de Relaciones Laborales; Julio Fern\u00e1ndez, responsable de N\u00f3minas; Mar\u00eda Matilde Mart\u00ednez, de Negociado de Personal; y Carmen Navarro, de Recursos Humanos.<\/p>  <p>Los hechos fueron denunciados por el Sindicato Profesional de Polic\u00edas Locales y Bomberos de Benidorm y aluden a supuestas irregularidades en la contrataci\u00f3n de personal. Concretamente a 130 contratos temporales firmados en 2010.<\/p>  <p>Este sindicado tambi\u00e9n denunci\u00f3 que el ejecutivo socialista hab\u00eda contratado o mejorado sus condiciones al menos a 43 personas \u201ccon relaci\u00f3n familiar o pol\u00edtica con el equipo de gobierno\u201d. Estas contrataciones contaron con el informe en contra del Interventor municipal, que consider\u00f3 que no estaban debidamente justificadas y que habr\u00edan causado un perjuicio econ\u00f3mico a las arcas municipales de en torno a los 4,5 millones de euros.<\/p> ","protected":false},"excerpt":{"rendered":"<p>Entre los imputados hay dos exconcejales del PSOE<\/p>\n","protected":false},"author":0,"featured_media":19687,"comment_status":"","ping_status":"open","sticky":false,"template":"","format":"standard","meta":{"_acf_changed":false,"footnotes":""},"categories":[1],"tags":[],"class_list":["post-19686","post","type-post","status-publish","format-standard","has-post-thumbnail","hentry","category-sin-categoria"],"acf":{"ser_id":"POUOACGMYVHSNAHGLHPX6PPCAA","ser_url":"https:\/\/cadenaser.com\/comunitat-valenciana\/2025\/11\/05\/comienza-el-juicio-por-el-caso-enchufes-de-benidorm-ocho-acusados-tres-delitos-y-32-testigos-radio-benidorm\/"},"_links":{"self":[{"href":"https:\/\/serbenidorm.daliisolutions.com\/index.php\/wp-json\/wp\/v2\/posts\/19686","targetHints":{"allow":["GET"]}}],"collection":[{"href":"https:\/\/serbenidorm.daliisolutions.com\/index.php\/wp-json\/wp\/v2\/posts"}],"about":[{"href":"https:\/\/serbenidorm.daliisolutions.com\/index.php\/wp-json\/wp\/v2\/types\/post"}],"replies":[{"embeddable":true,"href":"https:\/\/serbenidorm.daliisolutions.com\/index.php\/wp-json\/wp\/v2\/comments?post=19686"}],"version-history":[{"count":0,"href":"https:\/\/serbenidorm.daliisolutions.com\/index.php\/wp-json\/wp\/v2\/posts\/19686\/revisions"}],"wp:featuredmedia":[{"embeddable":true,"href":"https:\/\/serbenidorm.daliisolutions.com\/index.php\/wp-json\/wp\/v2\/media\/19687"}],"wp:attachment":[{"href":"https:\/\/serbenidorm.daliisolutions.com\/index.php\/wp-json\/wp\/v2\/media?parent=19686"}],"wp:term":[{"taxonomy":"category","embeddable":true,"href":"https:\/\/serbenidorm.daliisolutions.com\/index.php\/wp-json\/wp\/v2\/categories?post=19686"},{"taxonomy":"post_tag","embeddable":true,"href":"https:\/\/serbenidorm.daliisolutions.com\/index.php\/wp-json\/wp\/v2\/tags?post=19686"}],"curies":[{"name":"wp","href":"https:\/\/api.w.org\/{rel}","templated":true}]}}