{"id":19688,"date":"2025-11-05T17:37:19","date_gmt":"2025-11-05T16:37:19","guid":{"rendered":"https:\/\/serbenidorm.daliisolutions.com\/index.php\/2025\/11\/05\/el-psoe-denuncia-el-colapso-sanitario-en-el-hospital-marina-baixa\/"},"modified":"2025-11-05T17:37:19","modified_gmt":"2025-11-05T16:37:19","slug":"el-psoe-denuncia-el-colapso-sanitario-en-el-hospital-marina-baixa","status":"publish","type":"post","link":"https:\/\/serbenidorm.daliisolutions.com\/index.php\/2025\/11\/05\/el-psoe-denuncia-el-colapso-sanitario-en-el-hospital-marina-baixa\/","title":{"rendered":"El PSOE denuncia el colapso sanitario en el Hospital Marina Baixa"},"content":{"rendered":" <p>El colapso sanitario del hospital comarcal de la Marina Baixa, ubicado en la localidad de La Vila Joiosa, vuelve a ser objeto de denuncia p\u00fablica. La diputada auton\u00f3mica del PSPV-PSOE y concejala en el ayuntamiento de l\u2019Alf\u00e0s del Pi, Mayte Garc\u00eda, ha asegurado que la situaci\u00f3n \u201ces peor que hace un a\u00f1o y medio\u201d, pese a las promesas realizadas por la Conselleria de Sanitat para reforzar la plantilla y mejorar las instalaciones.<\/p>  <p>Seg\u00fan Garc\u00eda, <a href=\"https:\/\/cadenaser.com\/tag\/benidorm\/a\/\" target=\"_blank\" rel=\"nofollow\" title=\"https:\/\/cadenaser.com\/tag\/benidorm\/a\/\">\u201cel caos en Urgencias es ya insostenible, con pacientes que se marchan sin ser atendidos tras esperar durante horas por falta de personal\u201d<\/a>. La diputada socialista advierte de que el centro sanitario \u201cse encuentra en una situaci\u00f3n cr\u00edtica y nadie asume responsabilidades\u201d.<\/p>  <p>La diputada ha puesto como ejemplo los continuos traslados de enfermos a centros privados de Benidorm: \u201cHay personas mayores que, tras nueve horas esperando en Urgencias, son derivadas en plena madrugada a hospitales privados donde terminan ingresadas. All\u00ed se reencuentran con los mismos pacientes con los que compart\u00edan la sala de espera en La Vila Joiosa\u201d, denuncia.<\/p>  <p>Hace apenas un mes Garc\u00eda registr\u00f3 una solicitud formal al conseller de Sanitat, Marciano G\u00f3mez, para conocer el n\u00famero exacto de derivaciones a hospitales privados desde el centro vilero, pero afirma no haber recibido respuesta. \u201cQueremos transparencia, datos y soluciones inmediatas. No se puede seguir escondiendo esta realidad\u201d, exige.<\/p>  <p>El hospital de La Vila Joiosa atiende a los municipios de toda la Marina Baixa, entre ellos Benidorm, l\u2019Alf\u00e0s del Pi, Altea, Finestrat, Callosa d\u2019en Sarri\u00e0 y La Nuc\u00eda, lo que lo convierte en un centro sanitario de referencia comarcal. La presi\u00f3n asistencial aumenta especialmente durante las temporadas tur\u00edsticas, cuando la poblaci\u00f3n de la zona se multiplica.<\/p>  <p>\u201cEstamos hablando de un hospital esencial para m\u00e1s de 200.000 personas durante todo el a\u00f1o y que, en verano, atiende a muchos m\u00e1s por el turismo. No podemos permitir que siga en esta situaci\u00f3n de colapso\u201d, concluye Mayte Garc\u00eda.<\/p>  <p><\/p>  <p><\/p>  <p><\/p>  <p><\/p> ","protected":false},"excerpt":{"rendered":"<p>La diputada Mayte Garc\u00eda alerta de una situaci\u00f3n \u201cinsostenible\u201d en Urgencias<\/p>\n","protected":false},"author":0,"featured_media":19689,"comment_status":"","ping_status":"open","sticky":false,"template":"","format":"standard","meta":{"_acf_changed":false,"footnotes":""},"categories":[1],"tags":[],"class_list":["post-19688","post","type-post","status-publish","format-standard","has-post-thumbnail","hentry","category-sin-categoria"],"acf":{"ser_id":"VVLHKIIHU5EKJOQ3PPRY23HZSY","ser_url":"https:\/\/cadenaser.com\/comunitat-valenciana\/2025\/11\/05\/el-psoe-denuncia-el-colapso-sanitario-en-el-hospital-marina-baixa-radio-benidorm\/"},"_links":{"self":[{"href":"https:\/\/serbenidorm.daliisolutions.com\/index.php\/wp-json\/wp\/v2\/posts\/19688","targetHints":{"allow":["GET"]}}],"collection":[{"href":"https:\/\/serbenidorm.daliisolutions.com\/index.php\/wp-json\/wp\/v2\/posts"}],"about":[{"href":"https:\/\/serbenidorm.daliisolutions.com\/index.php\/wp-json\/wp\/v2\/types\/post"}],"replies":[{"embeddable":true,"href":"https:\/\/serbenidorm.daliisolutions.com\/index.php\/wp-json\/wp\/v2\/comments?post=19688"}],"version-history":[{"count":0,"href":"https:\/\/serbenidorm.daliisolutions.com\/index.php\/wp-json\/wp\/v2\/posts\/19688\/revisions"}],"wp:featuredmedia":[{"embeddable":true,"href":"https:\/\/serbenidorm.daliisolutions.com\/index.php\/wp-json\/wp\/v2\/media\/19689"}],"wp:attachment":[{"href":"https:\/\/serbenidorm.daliisolutions.com\/index.php\/wp-json\/wp\/v2\/media?parent=19688"}],"wp:term":[{"taxonomy":"category","embeddable":true,"href":"https:\/\/serbenidorm.daliisolutions.com\/index.php\/wp-json\/wp\/v2\/categories?post=19688"},{"taxonomy":"post_tag","embeddable":true,"href":"https:\/\/serbenidorm.daliisolutions.com\/index.php\/wp-json\/wp\/v2\/tags?post=19688"}],"curies":[{"name":"wp","href":"https:\/\/api.w.org\/{rel}","templated":true}]}}