{"id":19690,"date":"2025-11-05T17:37:20","date_gmt":"2025-11-05T16:37:20","guid":{"rendered":"https:\/\/serbenidorm.daliisolutions.com\/index.php\/2025\/11\/05\/benidorm-activa-el-operativo-de-fmp-cortes-de-trafico-avisados-con-48-horas-de-antelacion-y-alternativas-para-vehiculos-retirados\/"},"modified":"2025-11-05T17:37:20","modified_gmt":"2025-11-05T16:37:20","slug":"benidorm-activa-el-operativo-de-fmp-cortes-de-trafico-avisados-con-48-horas-de-antelacion-y-alternativas-para-vehiculos-retirados","status":"publish","type":"post","link":"https:\/\/serbenidorm.daliisolutions.com\/index.php\/2025\/11\/05\/benidorm-activa-el-operativo-de-fmp-cortes-de-trafico-avisados-con-48-horas-de-antelacion-y-alternativas-para-vehiculos-retirados\/","title":{"rendered":"Benidorm activa el operativo de FMP: cortes de tr\u00e1fico avisados con 48 horas de antelaci\u00f3n y alternativas para veh\u00edculos retirados"},"content":{"rendered":" <p>La ciudad de Benidorm se prepara para las Fiestas Mayores Patronales con un amplio dispositivo de tr\u00e1fico y seguridad que ha comenzado a desplegarse desde esta semana. Seg\u00fan han explicado en <a href=\"https:\/\/radiobenidorm.es\" target=\"_blank\" rel=\"nofollow\" title=\"https:\/\/radiobenidorm.es\">Hoy por Hoy Benidorm<\/a> Quique Tortosa, portavoz de la Polic\u00eda Local, y el inspector de Tr\u00e1fico Jordi Saiz, el trabajo previo incluye coordinaci\u00f3n entre concejal\u00edas, empresas de se\u00f1alizaci\u00f3n y planificaci\u00f3n detallada de cortes y vallas que garantizar\u00e1n que los actos se celebren con normalidad.<\/p>  <p>Entre las principales afecciones al tr\u00e1fico, destaca el corte de la V\u00eda Emilio Ortu\u00f1o por el montaje del \u00abporrat\u00bb, que se mantendr\u00e1 hasta el domingo 16 de noviembre, as\u00ed como la ocupaci\u00f3n de zonas de estacionamiento en el recinto ferial y la calle Ruzafa. Las calles Venus, Marte, Almendros, Marqu\u00e9s de Comillas y Bilbao tambi\u00e9n tendr\u00e1n cortes puntuales para permitir el paso de desfiles y carrozas. Los conductores deben atender la se\u00f1alizaci\u00f3n colocada con 48 horas de antelaci\u00f3n para retirar sus veh\u00edculos y evitar inconvenientes.<\/p>  <p>En caso de que un veh\u00edculo sea retirado, los ciudadanos pueden contactar primero con la Polic\u00eda Local para localizarlo o, en \u00faltima instancia, llamar al dep\u00f3sito municipal de veh\u00edculos. Como explican Tortosa y Saiz, la prioridad del operativo es \u00abreubicar los coches en un lugar seguro antes de recurrir a sanci\u00f3n\u00bb, asegurando que los actos se celebren sin problemas y minimizando molestias a los vecinos.<\/p>  <p>Entre las curiosidades del operativo, los agentes han relatado situaciones ins\u00f3litas durante cortes de tr\u00e1fico y per\u00edmetros de seguridad. \u201cHemos visto gente fingiendo un desmayo para intentar acceder a una zona restringida\u201d, ha contado Tortosa.<\/p>  <p>Por \u00faltimo, los responsables del operativo han pedido paciencia y colaboraci\u00f3n a vecinos y visitantes. Recuerdan que la se\u00f1alizaci\u00f3n se coloca con tiempo suficiente y que las instrucciones de los agentes responden siempre a \u00abcriterios de seguridad y planificaci\u00f3n\u00bb. <\/p> ","protected":false},"excerpt":{"rendered":"<p>Desde esta semana comienzan los cortes de calles y la se\u00f1alizaci\u00f3n especial, con especial atenci\u00f3n a la seguridad de peatones y coordinaci\u00f3n con vecinos <\/p>\n","protected":false},"author":0,"featured_media":19691,"comment_status":"","ping_status":"open","sticky":false,"template":"","format":"standard","meta":{"_acf_changed":false,"footnotes":""},"categories":[1],"tags":[],"class_list":["post-19690","post","type-post","status-publish","format-standard","has-post-thumbnail","hentry","category-sin-categoria"],"acf":{"ser_id":"IYM4Y4UBQBF2NLWLIZMMKZY5GM","ser_url":"https:\/\/cadenaser.com\/comunitat-valenciana\/2025\/11\/03\/benidorm-activa-el-operativo-de-fmp-avisos-de-cortes-de-trafico-con-48-horas-de-antelacion-y-alternativas-para-vehiculos-retirados-radio-benidorm\/"},"_links":{"self":[{"href":"https:\/\/serbenidorm.daliisolutions.com\/index.php\/wp-json\/wp\/v2\/posts\/19690","targetHints":{"allow":["GET"]}}],"collection":[{"href":"https:\/\/serbenidorm.daliisolutions.com\/index.php\/wp-json\/wp\/v2\/posts"}],"about":[{"href":"https:\/\/serbenidorm.daliisolutions.com\/index.php\/wp-json\/wp\/v2\/types\/post"}],"replies":[{"embeddable":true,"href":"https:\/\/serbenidorm.daliisolutions.com\/index.php\/wp-json\/wp\/v2\/comments?post=19690"}],"version-history":[{"count":0,"href":"https:\/\/serbenidorm.daliisolutions.com\/index.php\/wp-json\/wp\/v2\/posts\/19690\/revisions"}],"wp:featuredmedia":[{"embeddable":true,"href":"https:\/\/serbenidorm.daliisolutions.com\/index.php\/wp-json\/wp\/v2\/media\/19691"}],"wp:attachment":[{"href":"https:\/\/serbenidorm.daliisolutions.com\/index.php\/wp-json\/wp\/v2\/media?parent=19690"}],"wp:term":[{"taxonomy":"category","embeddable":true,"href":"https:\/\/serbenidorm.daliisolutions.com\/index.php\/wp-json\/wp\/v2\/categories?post=19690"},{"taxonomy":"post_tag","embeddable":true,"href":"https:\/\/serbenidorm.daliisolutions.com\/index.php\/wp-json\/wp\/v2\/tags?post=19690"}],"curies":[{"name":"wp","href":"https:\/\/api.w.org\/{rel}","templated":true}]}}