{"id":19721,"date":"2025-11-06T17:44:29","date_gmt":"2025-11-06T16:44:29","guid":{"rendered":"https:\/\/serbenidorm.daliisolutions.com\/index.php\/2025\/11\/06\/la-nucia-presenta-las-bases-de-adjudicacion-de-12-viviendas-para-jovenes\/"},"modified":"2025-11-06T17:44:29","modified_gmt":"2025-11-06T16:44:29","slug":"la-nucia-presenta-las-bases-de-adjudicacion-de-12-viviendas-para-jovenes","status":"publish","type":"post","link":"https:\/\/serbenidorm.daliisolutions.com\/index.php\/2025\/11\/06\/la-nucia-presenta-las-bases-de-adjudicacion-de-12-viviendas-para-jovenes\/","title":{"rendered":"La Nuc\u00eda presenta las bases de adjudicaci\u00f3n de 12 viviendas para j\u00f3venes"},"content":{"rendered":" <p>Este jueves el Ayuntamiento de La Nuc\u00eda ha presentado las bases del pliego del concurso de adjudicaci\u00f3n de las 12 viviendas para j\u00f3venes municipales, adosados ubicados en el carrer Serra Grossa 8, en la Urb. La Colina.<\/p>  <p>Podr\u00e1n optar a ellas j\u00f3venes menores de 35 a\u00f1os y familias monoparentales. Las 12 viviendas tendr\u00e1n un precio de adjudicaci\u00f3n desde los 166.934,25\u20ac hasta los 222.430,50\u20ac, dependiendo de la superficie y n\u00famero de habitaciones.<\/p>  <p>La pr\u00f3xima semana se colgar\u00e1n las bases en la sede electr\u00f3nica del Ayuntamiento de La Nuc\u00eda y el plazo de presentaci\u00f3n de solicitudes se abrir\u00e1 cuando se publique en el Bolet\u00edn Oficial de la Provincia de Alicante (BOP).<\/p>  <p>Podr\u00e1n ser personas beneficiarias de las 12 viviendas para j\u00f3venes de La Nuc\u00eda, personas mayores de edad que: <\/p>  <p>1. Tengan un m\u00e1ximo de 35 a\u00f1os en el momento de presentar la solicitud y ser primera vivienda, <\/p>  <p>2. Tengan la condici\u00f3n de familia monoparental o a su cargo personas mayores.<\/p>  <p>Los requisitos para poder optar a esta adjudicaci\u00f3n son: <\/p>  <p>1. La vivienda a adquirir constituya la residencia habitual y permanente de la persona beneficiaria por un plazo de 10 a\u00f1os desde la fecha de adquisici\u00f3n<\/p>  <p>2. Estar empadronado en La Nuc\u00eda, al menos, durante los \u00faltimos 2 a\u00f1os.<\/p>  <p>En los criterios de adjudicaci\u00f3n se valorar\u00e1 la capacidad econ\u00f3mica de la unidad de convivencia hasta un m\u00e1ximo de 40 puntos, seg\u00fan sus ingresos econ\u00f3micos. La antig\u00fcedad en el Padr\u00f3n de Habitantes, tambi\u00e9n puntuar\u00e1 hasta un m\u00e1ximo de 30 puntos. Y por \u00faltimo tambi\u00e9n puntuar\u00e1 hasta un m\u00e1ximo de 30 puntos las \u201csituaciones de especial vulnerabilidad\u201d.<\/p>  <p>En caso de empate entre varias ofertas se resolver\u00e1 dando prioridad a la solicitud presentada en primer lugar. Los adjudicatarios tendr\u00e1n dos meses des de la notificaci\u00f3n para realizar el pago de la vivienda.<\/p>  <p>En esta legislatura el Ayuntamiento de La Nuc\u00eda tiene en proyecto poner en marcha 200 Viviendas de Protecci\u00f3n Oficial (VPO) durante los pr\u00f3ximos 2 a\u00f1os como ya ha anunciado el alcalde Bernab\u00e9 Cano.<\/p>  <p><\/p>  <p><\/p>  <p><\/p>  <p><\/p> ","protected":false},"excerpt":{"rendered":"<p>Podr\u00e1n optar a ellas j\u00f3venes de hasta 35 a\u00f1os y familias monoparentales<\/p>\n","protected":false},"author":0,"featured_media":19722,"comment_status":"","ping_status":"open","sticky":false,"template":"","format":"standard","meta":{"_acf_changed":false,"footnotes":""},"categories":[1],"tags":[],"class_list":["post-19721","post","type-post","status-publish","format-standard","has-post-thumbnail","hentry","category-sin-categoria"],"acf":{"ser_id":"GINIAP6OMVEXJJWPOIFR4BYWNU","ser_url":"https:\/\/cadenaser.com\/comunitat-valenciana\/2025\/11\/06\/la-nucia-presenta-las-bases-de-adjudicacion-de-12-viviendas-para-jovenes-radio-benidorm\/"},"_links":{"self":[{"href":"https:\/\/serbenidorm.daliisolutions.com\/index.php\/wp-json\/wp\/v2\/posts\/19721","targetHints":{"allow":["GET"]}}],"collection":[{"href":"https:\/\/serbenidorm.daliisolutions.com\/index.php\/wp-json\/wp\/v2\/posts"}],"about":[{"href":"https:\/\/serbenidorm.daliisolutions.com\/index.php\/wp-json\/wp\/v2\/types\/post"}],"replies":[{"embeddable":true,"href":"https:\/\/serbenidorm.daliisolutions.com\/index.php\/wp-json\/wp\/v2\/comments?post=19721"}],"version-history":[{"count":0,"href":"https:\/\/serbenidorm.daliisolutions.com\/index.php\/wp-json\/wp\/v2\/posts\/19721\/revisions"}],"wp:featuredmedia":[{"embeddable":true,"href":"https:\/\/serbenidorm.daliisolutions.com\/index.php\/wp-json\/wp\/v2\/media\/19722"}],"wp:attachment":[{"href":"https:\/\/serbenidorm.daliisolutions.com\/index.php\/wp-json\/wp\/v2\/media?parent=19721"}],"wp:term":[{"taxonomy":"category","embeddable":true,"href":"https:\/\/serbenidorm.daliisolutions.com\/index.php\/wp-json\/wp\/v2\/categories?post=19721"},{"taxonomy":"post_tag","embeddable":true,"href":"https:\/\/serbenidorm.daliisolutions.com\/index.php\/wp-json\/wp\/v2\/tags?post=19721"}],"curies":[{"name":"wp","href":"https:\/\/api.w.org\/{rel}","templated":true}]}}