{"id":19747,"date":"2025-11-07T07:09:39","date_gmt":"2025-11-07T06:09:39","guid":{"rendered":"https:\/\/serbenidorm.daliisolutions.com\/index.php\/2025\/11\/07\/el-servigroup-benidorm-quiere-hacer-redonda-la-fiesta-del-voley\/"},"modified":"2025-11-07T07:09:39","modified_gmt":"2025-11-07T06:09:39","slug":"el-servigroup-benidorm-quiere-hacer-redonda-la-fiesta-del-voley","status":"publish","type":"post","link":"https:\/\/serbenidorm.daliisolutions.com\/index.php\/2025\/11\/07\/el-servigroup-benidorm-quiere-hacer-redonda-la-fiesta-del-voley\/","title":{"rendered":"El Servigroup Benidorm quiere hacer redonda la fiesta del v\u00f3ley"},"content":{"rendered":" <p>El Servigroup Playas de Benidorm masculino afronta este s\u00e1bado (17:00 horas) el tercer y \u00faltimo de los partidos consecutivos que deb\u00eda disputar en casa para arrancar su andadura en la Superliga Masculina de voleibol y lo har\u00e1 recibiendo al que, probablemente, puede ser considerado el mejor equipo de la m\u00e1xima categor\u00eda del v\u00f3ley nacional, el Guaguas.<\/p>  <p>S\u00f3lo en esta d\u00e9cada, el equipo canario ha sumado cuatro t\u00edtulos de campe\u00f3n (2021, 2023, 2024 y 2025) adem\u00e1s de tres Copas del Rey (2021, 2024 y 2025) y otras tantas Supercopas (2021, 2023 y 2024), lo que da una muy buena idea del potencial del rival al que se deben medir los de Adriano Lamb.<\/p>  <p>Con todo, el Servigroup Playas Benidorm no renuncia a poder dar la campanada despu\u00e9s de la gran imagen mostrada en las dos primeras jornadas de competici\u00f3n, en las que pusieron contra las cuerdas al Melilla y, sobre todo, sumaron su primer triunfo, la pasada semana, ante otro \u2018gigante\u2019 como Teruel.<\/p>  <p>A favor de los locales jugar\u00e1 no s\u00f3lo la afici\u00f3n (se espera un ambiente espectacular con la asistencia de muchos aficionados de toda la provincia), sino el hecho de que el Guaguas llegar\u00e1 a la ciudad despu\u00e9s de un largo viaje tras haber disputado el jueves un partido de competici\u00f3n europea.<\/p>  <p>Con esos ingredientes, el Servigroup Playas de Benidorm, que cuenta con toda su plantilla en perfectas condiciones, sue\u00f1a con poder celebrar su particular fiesta del v\u00f3ley antes de, como el resto del municipio, disfrutar de las Festes Majors Patronals.<\/p>  <p>Al t\u00e9rmino del partido del equipo masculino, el Palau d\u2019Esports ser\u00e1 tambi\u00e9n escenario del choque correspondiente a la sexta jornada de la Superliga 2 Femenina entre el Servigroup Playas de Benidorm y el Atarfe, un partido en el que las de Noelia Santacreu tratar\u00e1n de olvidar el tropiezo sufrido una semana antes.<\/p>  <p>Para ello, el Atarfe, colista de la clasificaci\u00f3n con s\u00f3lo dos puntos, parece una v\u00edctima propiciatoria ante la que sumar tres puntos que podr\u00edan, incluso, elevar a las benidormenses hasta la segunda plaza de la tabla.<\/p>  <p>Por su parte, el Camporrosso Finestrat descansar\u00e1 ya que su partido ante el Gran Canaria ha sido aplazado hasta el pr\u00f3ximo d\u00eda 15 de febrero de 2026.<\/p> ","protected":false},"excerpt":{"rendered":"<p>El equipo femenino recibe al Atarfe y el Camporrosso Finestrat no jugar\u00e1 al tener aplazado su partido<\/p>\n","protected":false},"author":0,"featured_media":19748,"comment_status":"","ping_status":"open","sticky":false,"template":"","format":"standard","meta":{"_acf_changed":false,"footnotes":""},"categories":[16],"tags":[],"class_list":["post-19747","post","type-post","status-publish","format-standard","has-post-thumbnail","hentry","category-deportes"],"acf":{"ser_id":"LDGBAZISZBDCLMKYEZJ2VKYMTE","ser_url":"https:\/\/cadenaser.com\/comunitat-valenciana\/2025\/11\/07\/el-servigroup-benidorm-quiere-hacer-redonda-la-fiesta-del-voley-radio-benidorm\/"},"_links":{"self":[{"href":"https:\/\/serbenidorm.daliisolutions.com\/index.php\/wp-json\/wp\/v2\/posts\/19747","targetHints":{"allow":["GET"]}}],"collection":[{"href":"https:\/\/serbenidorm.daliisolutions.com\/index.php\/wp-json\/wp\/v2\/posts"}],"about":[{"href":"https:\/\/serbenidorm.daliisolutions.com\/index.php\/wp-json\/wp\/v2\/types\/post"}],"replies":[{"embeddable":true,"href":"https:\/\/serbenidorm.daliisolutions.com\/index.php\/wp-json\/wp\/v2\/comments?post=19747"}],"version-history":[{"count":0,"href":"https:\/\/serbenidorm.daliisolutions.com\/index.php\/wp-json\/wp\/v2\/posts\/19747\/revisions"}],"wp:featuredmedia":[{"embeddable":true,"href":"https:\/\/serbenidorm.daliisolutions.com\/index.php\/wp-json\/wp\/v2\/media\/19748"}],"wp:attachment":[{"href":"https:\/\/serbenidorm.daliisolutions.com\/index.php\/wp-json\/wp\/v2\/media?parent=19747"}],"wp:term":[{"taxonomy":"category","embeddable":true,"href":"https:\/\/serbenidorm.daliisolutions.com\/index.php\/wp-json\/wp\/v2\/categories?post=19747"},{"taxonomy":"post_tag","embeddable":true,"href":"https:\/\/serbenidorm.daliisolutions.com\/index.php\/wp-json\/wp\/v2\/tags?post=19747"}],"curies":[{"name":"wp","href":"https:\/\/api.w.org\/{rel}","templated":true}]}}