{"id":19749,"date":"2025-11-07T07:09:39","date_gmt":"2025-11-07T06:09:39","guid":{"rendered":"https:\/\/serbenidorm.daliisolutions.com\/index.php\/2025\/11\/07\/el-huesitos-la-vila-cierra-el-2025-liguero-en-el-pantano-ante-el-sevilla\/"},"modified":"2025-11-07T07:09:39","modified_gmt":"2025-11-07T06:09:39","slug":"el-huesitos-la-vila-cierra-el-2025-liguero-en-el-pantano-ante-el-sevilla","status":"publish","type":"post","link":"https:\/\/serbenidorm.daliisolutions.com\/index.php\/2025\/11\/07\/el-huesitos-la-vila-cierra-el-2025-liguero-en-el-pantano-ante-el-sevilla\/","title":{"rendered":"El Huesitos-La Vila cierra el 2025 liguero en El Pantano ante el Sevilla"},"content":{"rendered":" <p>El Huesitos-La Vila regresar\u00e1 este domingo (12:00 horas) a su Estadio del Pantano para dar por cerrada su aventura liguera de 2025 midi\u00e9ndose al Sevilla en un choque en el que los de Hern\u00e1n \u2018Falu\u2019 Quirelli tratar\u00e1n de olvidar el tropiezo sufrido una semana antes en Alcobendas y, sobre todo, sumar un nuevo triunfo para asentarse en la zona alta de la clasificaci\u00f3n antes de poder centrarse en la Copa del Rey.<\/p>  <p>El equipo vilero vuelve a casa para reencontrarse con las buenas sensaciones y el gran nivel de juego que les llev\u00f3, en su \u00faltimo partido en El Pantano, a superar a todo un Burgos permitiendo a los de Falu colocarse en el grupo de equipos que pod\u00edan pelear por despedir el a\u00f1o en el liderato de la clasificaci\u00f3n.<\/p>  <p>Ese objetivo de encaramarse a lo m\u00e1s alto de la tabla antes de comerse las uvas ya ha quedado descartado, pero el choque ante el Sevilla de este domingo ser\u00e1 de vital importancia en ese objetivo confeso de intentar rubricar la fase regular de la Divisi\u00f3n de Honor entre los seis primeros y, con ello, jugar en la segunda mitad del a\u00f1o por objetivos mucho m\u00e1s ambiciosos que la permanencia.<\/p>  <p>En todo caso, la competici\u00f3n llega a su sexta jornada terriblemente apretada y es que los andaluces ocupan la s\u00e9ptima posici\u00f3n de la clasificaci\u00f3n con s\u00f3lo tres puntos menos que los vileros, que son terceros, a su vez, a s\u00f3lo tres puntos del Burgos, segundo clasificado.<\/p> ","protected":false},"excerpt":{"rendered":"<p>Antes de centrarse en la Copa del Rey, el XV chocolatero quiere asentarse en la zona alta de la clasificaci\u00f3n<\/p>\n","protected":false},"author":0,"featured_media":19750,"comment_status":"","ping_status":"open","sticky":false,"template":"","format":"standard","meta":{"_acf_changed":false,"footnotes":""},"categories":[16],"tags":[],"class_list":["post-19749","post","type-post","status-publish","format-standard","has-post-thumbnail","hentry","category-deportes"],"acf":{"ser_id":"WMBARRLN3ZDA5LUQZ3NOLQMDJM","ser_url":"https:\/\/cadenaser.com\/comunitat-valenciana\/2025\/11\/07\/el-huesitos-la-vila-cierra-el-2025-liguero-en-el-pantano-ante-el-sevilla-radio-benidorm\/"},"_links":{"self":[{"href":"https:\/\/serbenidorm.daliisolutions.com\/index.php\/wp-json\/wp\/v2\/posts\/19749","targetHints":{"allow":["GET"]}}],"collection":[{"href":"https:\/\/serbenidorm.daliisolutions.com\/index.php\/wp-json\/wp\/v2\/posts"}],"about":[{"href":"https:\/\/serbenidorm.daliisolutions.com\/index.php\/wp-json\/wp\/v2\/types\/post"}],"replies":[{"embeddable":true,"href":"https:\/\/serbenidorm.daliisolutions.com\/index.php\/wp-json\/wp\/v2\/comments?post=19749"}],"version-history":[{"count":0,"href":"https:\/\/serbenidorm.daliisolutions.com\/index.php\/wp-json\/wp\/v2\/posts\/19749\/revisions"}],"wp:featuredmedia":[{"embeddable":true,"href":"https:\/\/serbenidorm.daliisolutions.com\/index.php\/wp-json\/wp\/v2\/media\/19750"}],"wp:attachment":[{"href":"https:\/\/serbenidorm.daliisolutions.com\/index.php\/wp-json\/wp\/v2\/media?parent=19749"}],"wp:term":[{"taxonomy":"category","embeddable":true,"href":"https:\/\/serbenidorm.daliisolutions.com\/index.php\/wp-json\/wp\/v2\/categories?post=19749"},{"taxonomy":"post_tag","embeddable":true,"href":"https:\/\/serbenidorm.daliisolutions.com\/index.php\/wp-json\/wp\/v2\/tags?post=19749"}],"curies":[{"name":"wp","href":"https:\/\/api.w.org\/{rel}","templated":true}]}}