{"id":19751,"date":"2025-11-07T07:09:40","date_gmt":"2025-11-07T06:09:40","guid":{"rendered":"https:\/\/serbenidorm.daliisolutions.com\/index.php\/2025\/11\/07\/felipe-orts-tratara-de-despejar-dudas-en-el-europeo-de-middelkerke\/"},"modified":"2025-11-07T07:09:40","modified_gmt":"2025-11-07T06:09:40","slug":"felipe-orts-tratara-de-despejar-dudas-en-el-europeo-de-middelkerke","status":"publish","type":"post","link":"https:\/\/serbenidorm.daliisolutions.com\/index.php\/2025\/11\/07\/felipe-orts-tratara-de-despejar-dudas-en-el-europeo-de-middelkerke\/","title":{"rendered":"Felipe Orts tratar\u00e1 de despejar dudas en el Europeo de Middelkerke"},"content":{"rendered":" <p>S\u00f3lo el belga Sven Nys fue capaz de superar hace ahora un a\u00f1o a Felipe Orts en un Campeonato de Europa disputado entonces en Pontevedra y que este domingo volver\u00e1 a poner en juego el t\u00edtulo continental en la localidad belga de Middelkerke.<\/p>  <p>Las sensaciones del ciclista vilero del Ridley Racing Team antes de la prueba no son tan buenas como las de hace ahora doce meses despu\u00e9s de haber atravesado el que, seguramente, haya sido su peor fin de semana en varios a\u00f1os tras haber tenido que abandonar el pasado s\u00e1bado en el Koppenbergcross y haber estado muy lejos de los mejores un d\u00eda m\u00e1s tarde en Lokeren (B\u00e9lgica), donde s\u00f3lo pudo ser 20\u00ba.<\/p>  <p>Orts, que puso rumbo a Espa\u00f1a tras ese doblete de carreras belgas, no ha podido identificar los motivos de ese mal rendimiento ya que las pruebas a las que se ha sometido han descartado cualquier tipo de proceso viral o enfermedad, algo que, suponiendo un alivio para \u00e9l, tambi\u00e9n despierta m\u00e1s inc\u00f3gnitas sobre su potencial en una cita tan importante como el Campeonato de Europa.<\/p>  <p>En todo caso, el circuito de Middelkerke no es el que mejor se adapta a las caracter\u00edsticas del vilero que fue cuarto all\u00ed en 2016 (todav\u00eda como Sub-23) y que, desde entonces, ha sumado dos s\u00e9ptimos puestos (2020 y 2023) como mejores resultados.<\/p>  <p>Sin embargo, el trazado sobre el que se disputar\u00e1 el t\u00edtulo continental este domingo no es el habitual de esta carrera que, para una ocasi\u00f3n tan especial, recupera el circuito que se dise\u00f1\u00f3 en 2022 para la celebraci\u00f3n del Campeonato de B\u00e9lgica (con victoria entonces de Wout Van Aert) y que desde entonces nunca se ha vuelto a utilizar.<\/p>  <p>Para disgusto de Felipe Orts, ese trazado presenta todav\u00eda m\u00e1s tramos de arena (y m\u00e1s duros) que el usado de a\u00f1o en a\u00f1o, por lo que las esperanzas de verle repetir medalla o, incluso, pelear por el t\u00edtulo como lo hizo hace un a\u00f1o en Pontevedra se antojan remotas.<\/p> ","protected":false},"excerpt":{"rendered":"<p>El vilero vuelve al campeonato continental en el que el pasado a\u00f1o se alz\u00f3 con la medalla de plata<\/p>\n","protected":false},"author":0,"featured_media":19752,"comment_status":"","ping_status":"open","sticky":false,"template":"","format":"standard","meta":{"_acf_changed":false,"footnotes":""},"categories":[16],"tags":[],"class_list":["post-19751","post","type-post","status-publish","format-standard","has-post-thumbnail","hentry","category-deportes"],"acf":{"ser_id":"DO2YOJLIS5G27DPRV542YFQPUY","ser_url":"https:\/\/cadenaser.com\/comunitat-valenciana\/2025\/11\/07\/felipe-orts-tratara-de-despejar-dudas-en-el-europeo-de-middelkerke-radio-benidorm\/"},"_links":{"self":[{"href":"https:\/\/serbenidorm.daliisolutions.com\/index.php\/wp-json\/wp\/v2\/posts\/19751","targetHints":{"allow":["GET"]}}],"collection":[{"href":"https:\/\/serbenidorm.daliisolutions.com\/index.php\/wp-json\/wp\/v2\/posts"}],"about":[{"href":"https:\/\/serbenidorm.daliisolutions.com\/index.php\/wp-json\/wp\/v2\/types\/post"}],"replies":[{"embeddable":true,"href":"https:\/\/serbenidorm.daliisolutions.com\/index.php\/wp-json\/wp\/v2\/comments?post=19751"}],"version-history":[{"count":0,"href":"https:\/\/serbenidorm.daliisolutions.com\/index.php\/wp-json\/wp\/v2\/posts\/19751\/revisions"}],"wp:featuredmedia":[{"embeddable":true,"href":"https:\/\/serbenidorm.daliisolutions.com\/index.php\/wp-json\/wp\/v2\/media\/19752"}],"wp:attachment":[{"href":"https:\/\/serbenidorm.daliisolutions.com\/index.php\/wp-json\/wp\/v2\/media?parent=19751"}],"wp:term":[{"taxonomy":"category","embeddable":true,"href":"https:\/\/serbenidorm.daliisolutions.com\/index.php\/wp-json\/wp\/v2\/categories?post=19751"},{"taxonomy":"post_tag","embeddable":true,"href":"https:\/\/serbenidorm.daliisolutions.com\/index.php\/wp-json\/wp\/v2\/tags?post=19751"}],"curies":[{"name":"wp","href":"https:\/\/api.w.org\/{rel}","templated":true}]}}