{"id":19753,"date":"2025-11-07T07:09:41","date_gmt":"2025-11-07T06:09:41","guid":{"rendered":"https:\/\/serbenidorm.daliisolutions.com\/index.php\/2025\/11\/07\/el-servigroup-benidorm-vuelve-al-palau-con-el-liderato-como-objetivo-posible\/"},"modified":"2025-11-07T07:09:41","modified_gmt":"2025-11-07T06:09:41","slug":"el-servigroup-benidorm-vuelve-al-palau-con-el-liderato-como-objetivo-posible","status":"publish","type":"post","link":"https:\/\/serbenidorm.daliisolutions.com\/index.php\/2025\/11\/07\/el-servigroup-benidorm-vuelve-al-palau-con-el-liderato-como-objetivo-posible\/","title":{"rendered":"El Servigroup Benidorm vuelve al Palau con el liderato como objetivo posible"},"content":{"rendered":" <p>Tras una semana de par\u00f3n competitivo por el aplazamiento de su partido ante el Agustinos de Alicante (que se disputar\u00e1 a las 20:00 horas del 19 de noviembre), el Balonmano Servigroup Benidorm vuelve este domingo (12:00 horas) al Palau d\u2019Esports para v\u00e9rselas con el A Coru\u00f1a en un duelo de dos equipos de la zona alta que podr\u00edan, incluso, asaltar el coliderato de la Divisi\u00f3n de Honor Plata del balonmano nacional.<\/p>  <p>Benidormenses y gallegos llegan a esta novena jornada de la competici\u00f3n liguera con un partido menos que la mayor\u00eda de sus rivales y a s\u00f3lo dos puntos de Agustinos (tambi\u00e9n con un partido menos) y Sevilla, los dos equipos que en estos momentos comparten la primera posici\u00f3n de la clasificaci\u00f3n.<\/p>  <p>El Balonmano Servigroup Benidorm atraviesa un excelente momento de forma despu\u00e9s de haber encadenado cuatro victorias consecutivas, una racha que los de Marko Krivokapic tratar\u00e1n de alargar a costa de un rival directo en la zona alta ante el que, adem\u00e1s, intentar\u00e1n sufrir menos en los minutos finales que en sus \u00faltimos choques.<\/p>  <p>El Club Balonmano Benidorm quiere que, pese a la coincidencia del partido con las Festes Majors Patronals, las gradas del Palau d\u2019Esports presenten su mejor imagen y para ello ha anunciado que todos los festeros que acudan vestidos con la camiseta o blus\u00f3n de su pe\u00f1a podr\u00e1n entrar gratis al partido.<\/p> ","protected":false},"excerpt":{"rendered":"<p>Los festeros que acudan vestidos con la camiseta o blus\u00f3n de sus pe\u00f1as podr\u00e1n entrar gratis<\/p>\n","protected":false},"author":0,"featured_media":19754,"comment_status":"","ping_status":"open","sticky":false,"template":"","format":"standard","meta":{"_acf_changed":false,"footnotes":""},"categories":[16],"tags":[],"class_list":["post-19753","post","type-post","status-publish","format-standard","has-post-thumbnail","hentry","category-deportes"],"acf":{"ser_id":"PTP3SH243RECNA7674PWGCEM3I","ser_url":"https:\/\/cadenaser.com\/comunitat-valenciana\/2025\/11\/07\/el-servigroup-benidorm-vuelve-al-palau-con-el-liderato-como-objetivo-posible-radio-benidorm\/"},"_links":{"self":[{"href":"https:\/\/serbenidorm.daliisolutions.com\/index.php\/wp-json\/wp\/v2\/posts\/19753","targetHints":{"allow":["GET"]}}],"collection":[{"href":"https:\/\/serbenidorm.daliisolutions.com\/index.php\/wp-json\/wp\/v2\/posts"}],"about":[{"href":"https:\/\/serbenidorm.daliisolutions.com\/index.php\/wp-json\/wp\/v2\/types\/post"}],"replies":[{"embeddable":true,"href":"https:\/\/serbenidorm.daliisolutions.com\/index.php\/wp-json\/wp\/v2\/comments?post=19753"}],"version-history":[{"count":0,"href":"https:\/\/serbenidorm.daliisolutions.com\/index.php\/wp-json\/wp\/v2\/posts\/19753\/revisions"}],"wp:featuredmedia":[{"embeddable":true,"href":"https:\/\/serbenidorm.daliisolutions.com\/index.php\/wp-json\/wp\/v2\/media\/19754"}],"wp:attachment":[{"href":"https:\/\/serbenidorm.daliisolutions.com\/index.php\/wp-json\/wp\/v2\/media?parent=19753"}],"wp:term":[{"taxonomy":"category","embeddable":true,"href":"https:\/\/serbenidorm.daliisolutions.com\/index.php\/wp-json\/wp\/v2\/categories?post=19753"},{"taxonomy":"post_tag","embeddable":true,"href":"https:\/\/serbenidorm.daliisolutions.com\/index.php\/wp-json\/wp\/v2\/tags?post=19753"}],"curies":[{"name":"wp","href":"https:\/\/api.w.org\/{rel}","templated":true}]}}