{"id":19755,"date":"2025-11-07T07:09:42","date_gmt":"2025-11-07T06:09:42","guid":{"rendered":"https:\/\/serbenidorm.daliisolutions.com\/index.php\/2025\/11\/07\/benidorm-y-la-nucia-vuelven-a-casa\/"},"modified":"2025-11-07T07:09:42","modified_gmt":"2025-11-07T06:09:42","slug":"benidorm-y-la-nucia-vuelven-a-casa","status":"publish","type":"post","link":"https:\/\/serbenidorm.daliisolutions.com\/index.php\/2025\/11\/07\/benidorm-y-la-nucia-vuelven-a-casa\/","title":{"rendered":"Benidorm y La Nuc\u00eda vuelven a casa"},"content":{"rendered":" <p>El fin de semana futbol\u00edstico de la Marina Baixa llega con una doble cita ya que sus dos principales representantes, el C.F. La Nuc\u00eda y el C.F. Benidorm jugar\u00e1n en casa y lo har\u00e1n, adem\u00e1s, coincidiendo en horario.<\/p>  <p>En la Tercera RFEF, La Nuc\u00eda regresa el domingo (12:00 horas) al Camilo Cano con la misi\u00f3n de poner fin a su racha de cuatro empates (y una derrota) consecutivos y reencontrarse con el triunfo en el que ser\u00e1 el tercer partido de Vicente Mir al frente del banquillo rojillo.<\/p>  <p>Frente a ellos, los nucieros tendr\u00e1n al Villarreal C, el equipo que en estos momentos marca la frontera de la disputa del play off de ascenso y al que los locales tienen ahora a siete puntos de distancia.<\/p>  <p>Por su parte, el C.F. Benidorm saltar\u00e1 el domingo (11:30 horas) al c\u00e9sped del Guillermo Amor para v\u00e9rselas con el Novelda en un partido en el que, como dice el t\u00f3pico, hay en juego algo m\u00e1s de tres puntos.<\/p>  <p>Los de Javier Vidales ocupan el liderato en solitario de su grupo con s\u00f3lo dos puntos de ventaja sobre el Independiente de Alicante y, precisamente, el Novelda, por lo que tendr\u00e1n una gran oportunidad de acrecentar esa distancia, al menos, respecto a ese rival directo.<\/p> ","protected":false},"excerpt":{"rendered":"<p>Los rojillos necesitan reencontrarse con la victoria y los benidormenses buscan seguir en el liderato<\/p>\n","protected":false},"author":0,"featured_media":19756,"comment_status":"","ping_status":"open","sticky":false,"template":"","format":"standard","meta":{"_acf_changed":false,"footnotes":""},"categories":[16],"tags":[],"class_list":["post-19755","post","type-post","status-publish","format-standard","has-post-thumbnail","hentry","category-deportes"],"acf":{"ser_id":"NUXVNTZNHZDG5ASP64YFHAWBMU","ser_url":"https:\/\/cadenaser.com\/comunitat-valenciana\/2025\/11\/07\/benidorm-y-la-nucia-vuelven-a-casa-radio-benidorm\/"},"_links":{"self":[{"href":"https:\/\/serbenidorm.daliisolutions.com\/index.php\/wp-json\/wp\/v2\/posts\/19755","targetHints":{"allow":["GET"]}}],"collection":[{"href":"https:\/\/serbenidorm.daliisolutions.com\/index.php\/wp-json\/wp\/v2\/posts"}],"about":[{"href":"https:\/\/serbenidorm.daliisolutions.com\/index.php\/wp-json\/wp\/v2\/types\/post"}],"replies":[{"embeddable":true,"href":"https:\/\/serbenidorm.daliisolutions.com\/index.php\/wp-json\/wp\/v2\/comments?post=19755"}],"version-history":[{"count":0,"href":"https:\/\/serbenidorm.daliisolutions.com\/index.php\/wp-json\/wp\/v2\/posts\/19755\/revisions"}],"wp:featuredmedia":[{"embeddable":true,"href":"https:\/\/serbenidorm.daliisolutions.com\/index.php\/wp-json\/wp\/v2\/media\/19756"}],"wp:attachment":[{"href":"https:\/\/serbenidorm.daliisolutions.com\/index.php\/wp-json\/wp\/v2\/media?parent=19755"}],"wp:term":[{"taxonomy":"category","embeddable":true,"href":"https:\/\/serbenidorm.daliisolutions.com\/index.php\/wp-json\/wp\/v2\/categories?post=19755"},{"taxonomy":"post_tag","embeddable":true,"href":"https:\/\/serbenidorm.daliisolutions.com\/index.php\/wp-json\/wp\/v2\/tags?post=19755"}],"curies":[{"name":"wp","href":"https:\/\/api.w.org\/{rel}","templated":true}]}}