{"id":19766,"date":"2025-11-07T11:34:32","date_gmt":"2025-11-07T10:34:32","guid":{"rendered":"https:\/\/serbenidorm.daliisolutions.com\/index.php\/2025\/11\/07\/programa-completo-de-les-festes-majors-patronals-de-benidorm-2025\/"},"modified":"2025-11-07T11:34:32","modified_gmt":"2025-11-07T10:34:32","slug":"programa-completo-de-les-festes-majors-patronals-de-benidorm-2025","status":"publish","type":"post","link":"https:\/\/serbenidorm.daliisolutions.com\/index.php\/2025\/11\/07\/programa-completo-de-les-festes-majors-patronals-de-benidorm-2025\/","title":{"rendered":"Programa completo de les Festes Majors Patronals de Benidorm 2025"},"content":{"rendered":" <p><b>18:00 Horas: INAGURACI\u00d3N OFICIAL DEL ALUMBRADO ART\u00cdSTICO<\/b>, en la calle Mart\u00ednez Alejos, a cargo de nuestra Reina Mayor, la Srta. Paula Pascual S\u00e1nchez y nuestra Reina Infantil, la ni\u00f1a Aitana P\u00e9rez Guti\u00e9rrez, junto a sus Cortes de Honor.&nbsp;A continuaci\u00f3n, inauguraci\u00f3n del tradicional PORRAT en la v\u00eda de Emilio Ortu\u00f1o.<\/p>  <p><b>19:00 Horas:<\/b>&nbsp;<b>INAGURACI\u00d3N DEL RECINTO FERIAL<\/b>, situado junto a la plaza de toros, por parte de nuestras Reinas de las Fiestas Mayores y sus Cortes de Honor.<\/p>  <p>NOTA: D\u00eda Popular del Ni\u00f1o, con precios reducidos para acceder a las distintas atracciones.<\/p>  <p><b>19:00 horas:<\/b>&nbsp;<b>CONCURSO DE ENGALANAMIENTO DE CALLES Y PE\u00d1AS<\/b>, patrocinado por la Comisi\u00f3n de Fiestas Mayores Patronales 2025. El jurado visitar\u00e1 los barrios, calles y pe\u00f1as participantes para poder valorarlos y votar los mejores.<\/p>  <p>Las pe\u00f1as ganadoras se dar\u00e1n a conocer en el acto de la entrada de pe\u00f1as, momento en el que tambi\u00e9n se entregar\u00e1n los correspondientes premios.<\/p>  <p>&nbsp;&nbsp; PREMIOS CALLES FMP &nbsp;&nbsp;&nbsp;&nbsp;&nbsp;&nbsp;&nbsp;&nbsp;&nbsp;&nbsp;&nbsp;&nbsp;&nbsp;&nbsp;&nbsp;&nbsp;&nbsp;&nbsp;&nbsp;&nbsp;&nbsp;&nbsp;&nbsp;&nbsp;&nbsp;&nbsp;&nbsp;&nbsp;&nbsp;&nbsp; PREMIOS PE\u00d1AS<\/p>  <p>1\u00ba Premio 300 euros y trofeo &nbsp;&nbsp;&nbsp;&nbsp;&nbsp;&nbsp;&nbsp;&nbsp;&nbsp;&nbsp;&nbsp; 1\u00ba premio 300 euros y trofeo<\/p>  <p>2\u00ba Premio 200 euros y trofeo &nbsp;&nbsp;&nbsp;&nbsp;&nbsp;&nbsp;&nbsp;&nbsp;&nbsp;&nbsp;&nbsp; 2\u00ba premio 200 euros y trofeo<\/p>  <p>3\u00ba Premio 100 euros y trofeo &nbsp;&nbsp;&nbsp;&nbsp;&nbsp;&nbsp;&nbsp;&nbsp;&nbsp;&nbsp;&nbsp; 3\u00ba premio 100 euros y trofeo<\/p>  <p><b>22:00 Horas: ENTRADA DE PE\u00d1AS<\/b>. Concentraci\u00f3n en la Calle Ruzafa de todas las pe\u00f1as que forman parte de la Asociaci\u00f3n de Pe\u00f1as Virgen del Sufragio, desde donde partir\u00e1n en desfile recorriendo las calles Ruzafa y Mart\u00ednez Alejos.<\/p>  <p>Al finalizar el recorrido, en la tribuna oficial, la Asociaci\u00f3n de Pe\u00f1as impondr\u00e1 los corbatines conmemorativos de las Fiestas Mayores Patronales 2025 a todas las banderas y estandartes.<\/p>  <p><b>10:00 Horas: SANTA MISA<\/b>&nbsp;en la Iglesia Parroquial de San Jaime y Santa Ana en honor a nuestra Excma. Patrona, la Virgen del Sufragio, oficiada por el p\u00e1rroco Don Juan Antonio&nbsp;Gonz\u00e1lez Maga\u00f1a y Don Jaume Benaloy Marco, Vicario de la parroquia, y cantada por la el Coro Parroquial,&nbsp;con la asistencia de las Reinas y sus Cortes de Honor, Comisi\u00f3n de Fiestas, Abanderado y familia, Mayorales de Honor, Autoridades, Asociaci\u00f3n de Pe\u00f1as,&nbsp;pe\u00f1as, entidades culturales y festeras y todos los vecinos que nos quieran acompa\u00f1ar.<\/p>  <p><b>11:45 Horas:<\/b>&nbsp;<b>APERTURA DE PUERTAS DE LA IGLESIA DE SAN JAIME Y SANTA ANA<\/b>, para cantar los Gozos a la Virgen del Sufragio.<\/p>  <p><b>12:00 Horas:<\/b>&nbsp;<b>\u00c1NGELUS Y VOLTEO GENERAL DE CAMPANAS<\/b>, anunciando el comienzo oficial de las Fiestas Mayores Patronales 2025, acompa\u00f1ado de un Bombardeo A\u00e9reo desde la Plaza de la Se\u00f1or\u00eda a cargo de la prestigiosa&nbsp;Pirotecnia VULCANO.<\/p>  <p><a href=\"https:\/\/cadenaser.com\/tag\/benidorm\/a\/\" target=\"_blank\" rel=\"nofollow\" title=\"https:\/\/cadenaser.com\/tag\/benidorm\/a\/\"><b>\u00a1\u00a1\u00a1YA ESTAMOS EN FIESTAS!!!!LA COMISI\u00d3N DE FIESTAS MAYORES PATRONALES LES DESEA UNAS FELICES FIESTAS!!!<\/b><\/a><\/p>  <p><b>12:15 Horas:<\/b>&nbsp;<b>ENTRADA DE BANDAS DE M\u00daSICA<\/b>, desde la plaza de San Jaime, para recorrer las principales calles del centro de Benidorm, acompa\u00f1adas de las Reinas y sus Cortes de Honor, Comisi\u00f3n de Fiestas Mayores Patronales 2025, Autoridades, Abanderado y familia, Mayorales de Honor, Asociaci\u00f3n de Pe\u00f1as, y vecinos, en la que participar\u00e1n las prestigiosas bandas:<\/p>  <p><b>Colla de Xirimiters de la Marina Baixa.<\/b><\/p>  <p><b>Ateneu Musical Villajoyosa.<\/b><\/p>  <p><b>Uni\u00f3n Musical La Nuc\u00eda.<\/b><\/p>  <p><b>Primitiva de Callosa D\u2019Ensarri\u00e0.<\/b><\/p>  <p><b>Centre Musical Puig Campana de Finestrat.<\/b><\/p>  <p><b>Sociedad Art\u00edstica Jalonense.<\/b><\/p>  <p><b>Societat Musical La Lira Relleuense.<\/b><\/p>  <p><b>Societat Musical La Nova de Benidorm.<\/b><\/p>  <p><b>Societat Musical L\u00b4illa de Benidorm.<\/b><\/p>  <p><b>Uni\u00f3n Musical de Benidorm.<\/b><\/p>  <p><b>13:00 Horas:<\/b>&nbsp;<b>CONCENTRACI\u00d3N DE BANDAS<\/b>&nbsp;en la Plaza de SS. MM. los Reyes de Espa\u00f1a, donde cada agrupaci\u00f3n participante har\u00e1 su entrada interpretando distintos pasodobles para dar la bienvenida a la Fiesta.<\/p>  <p>Las Reinas,&nbsp;<b>PAULA PASCUAL SANCHEZ Y AITANA P\u00c9REZ GUTI\u00c9RREZ<\/b>,&nbsp;impondr\u00e1n un corbat\u00edn en las banderas de las distintas entidades musicales. Una vez que todas las bandas est\u00e9n reunidas en la plaza, interpretar\u00e1n conjuntamente el&nbsp;<b>Pasodoble \u201cFIESTA EN&nbsp;BENIDORM\u201d,&nbsp;<\/b>pasodoble declarado Himno de las Fiestas Mayores Patronales, bajo la batuta del maestro Don Rafael Dom\u00e9nech Pardo, autor de la obra.<\/p>  <p><b>Al finalizar, BOMBARDEO DE TRUENO Y COLOR a cargo de la prestigiosa pirotecnia VULCANO e inauguraremos la Carpa de la Comisi\u00f3n de Fiestas 2025.<\/b><\/p>  <p>A partir de este d\u00eda hasta el martes 11 de noviembre, desde las 12 h hasta las 13:30 horas, la comisi\u00f3n abrir\u00e1 una barra para todos los vecinos de Benidorm que nos quiera visitar.<\/p>  <p>NOTA: La barra diaria permanecer\u00e1 abierta durante ese horario o hasta agotar existencias.<\/p>  <p><b>17:00 Horas<\/b>:&nbsp;<b>ESCENIFICACI\u00d3N DEL HALLAZGO DE NUESTRA PATRONA LA VIRGEN DEL SUFRAGIO, FIESTA DE INTER\u00c9S TUR\u00cdSTICO DE LA COMUNIDAD VALENCIANA<\/b>, a cargo de la ACR La Barqueta, en la playa de Poniente. La representaci\u00f3n, basada en hechos&nbsp;hist\u00f3ricos y siguiendo el texto de Pere Maria Orts i Bosch, nos traslada a mediados de&nbsp;marzo de 1740 y rememora todos los acontecimientos que entonces ocurrieron y que se iniciaron con el encuentro por parte de tres marineros de Benidorm de un barco que navegaba sin tripulaci\u00f3n y a la deriva y culminaron con la proclamaci\u00f3n de Nuestra Se\u00f1ora Patrona.<\/p>  <p>Al finalizar, se disparar\u00e1n las SALVAS DE HONOR, a cargo de la Pirotecnia VULCANO, anunciando el Hallazgo de la imagen de nuestra patrona, la Virgen del Sufragio.<\/p>  <p><b>18:30 Horas:<\/b>&nbsp;<b>SOLEMNE ROMER\u00cdA,<\/b>&nbsp;presidida por las Autoridades, Reina Mayor e Infantil, Cortes de Honor, con la participaci\u00f3n del Abanderado y familia, Pregonero y familia, Mayorales, Mayorales de Honor, ACR La Barqueta, Pe\u00f1as, Entidades Festeras, Culturales, Sociales y Religiosas, Fiestas Tradicionales, Casas Regionales y otras comisiones festeras de la ciudad, y todo el Pueblo de Benidorm, con el siguiente itinerario: Parque de Elche, Paseo de la Carretera, Alameda del Alcalde Don Pedro Zaragoza Orts, calle Mayor, y finalizando en la Plaza de San Jaime, todos ellos acompa\u00f1ados por Bandas de M\u00fasica.<\/p>  <p>A la llegada de la Romer\u00eda a las puertas de la Iglesia de San Jaime y Santa Ana,&nbsp;<b>OFRENDA DE FLORES&nbsp;<\/b>a la Virgen del Sufragio, Patrona y Alcaldesa Perpetua de Benidorm.<\/p>  <p>A continuaci\u00f3n, nuestra Reina Infantil, la ni\u00f1a&nbsp;<b>AITANA P\u00c9REZ GUTI\u00c9RREZ<\/b>, recitar\u00e1 un verso a nuestra Patrona,&nbsp;escrito por Vicenta P\u00e9rez Bayona, \u201cCuqui\u201d.<\/p>  <p>Despu\u00e9s, la Reina Mayor, la se\u00f1orita&nbsp;<b>PAULA PASCUAL S\u00c1NCHEZ<\/b>, dirigir\u00e1 unas palabras al pueblo de Benidorm.<\/p>  <p>Seguidamente<b>, EL PREGONERO<\/b>&nbsp;de las Fiestas Mayores Patronales de Benidorm 2025,&nbsp;<b>Don FRANCISCO SAVAL ROM\u00c1N,<\/b>&nbsp;proceder\u00e1 a dar el Preg\u00f3n, proclamando el inicio de las Fiestas Mayores Patronales 2025.<\/p>  <p><b>23:00 Horas: Gran Tributo \u201cWe love 90 &amp; 00 LA FIESTA\u201d,&nbsp;<\/b>en la Plaza de SSMM los Reyes de Espa\u00f1a, con las actuaciones de:<\/p>  <p><b>DJ AURE CANO<\/b><\/p>  <p><b>WE LOVE COMPANY POP DANCE<\/b><\/p>  <p><b>TRIBUTOS A MECANO, OBK, EL CANTO DEL LOCO, MELENDI, HEROES DEL SILENCIO<\/b><\/p>  <p><b>LATIN SUMMER 90 &amp; 00<\/b><\/p>  <p><b>SHOW DIV@S 90 &amp; 00&nbsp;&nbsp;&nbsp;&nbsp;<\/b><\/p>  <p><b>01:00 Horas<\/b>: Futbol granera. Organizado por la&nbsp;<b>Pe\u00f1a Desig<\/b>&nbsp;y patrocinado por la &nbsp;ASSOCIACI\u00d3 DE PENYES VERGE DEL SOFRATGE, en el auditori \u00d3scar Espl\u00e0. Los ganadores ser\u00e1n encargados de organizar el futbol granera 2025.<\/p>  <p>Se recuerda que est\u00e1 prohibido acceder a los conciertos y eventos de fiestas con envases de vidrio<\/p>  <p><b>9:00 Horas:<\/b>&nbsp;Chocolatada popular en la&nbsp;Carpa de la Comisi\u00f3n, ofrecida por chocolates Marcos Tonda.<\/p>  <p><b>10:30 Horas<\/b>: Recogida de las Reinas de las Fiestas y sus Cortes de Honor, por parte de los Mayorales de la Comisi\u00f3n, acompa\u00f1ados por las bandas de m\u00fasica, para ir en pasacalles desde la Carpa de la Comisi\u00f3n junto con las Autoridades de nuestra Ciudad, en direcci\u00f3n a la Iglesia Parroquia de San Jaime y Santa Ana.<\/p>  <p><b>11:00 Horas: GRAN PARQUE INFANTIL<\/b>&nbsp;en la plaza de SS. MM. los Reyes de Espa\u00f1a para todos los ni\u00f1os de nuestra ciudad, a cargo de ESPECT\u00c1CULOS MAGIC JOHN.<\/p>  <p><b>11:30 Horas: &nbsp;SOLEMNE MISA EN HONOR A NUESTRA PATRONA Y EXCMA. ALCALDESA PERPETUA, LA VIRGEN DEL SUFRAGIO<\/b>, en la Iglesia de San Jaime y Santa Ana,&nbsp; presidida y oficiada &nbsp;por el can\u00f3nigo de la Santa Iglesia Catedral del Salvador y Santa Maria de Orihuela, Don Vicente Mart\u00ednez Agull\u00f3, P\u00e1rroco de Calpe y Arcipreste &nbsp;del Arciprestazgo de Callosa d\u2019En Sarri\u00e1, con la asistencia de las Reinas y sus Cortes de Honor, Comisi\u00f3n de Fiestas Mayores Patronales, &nbsp;Abanderado y familia, Pregonero y Familia, Mayorales de Honor, Autoridades, , Asociaci\u00f3n de Pe\u00f1as y vecinos de Benidorm.<\/p>  <p>La celebraci\u00f3n de la eucarist\u00eda ser\u00e1 cantada por la&nbsp;<b>Escolan\u00eda del Colegio Diocesano Santo Domingo de Orihuela<\/b>, bajo la direcci\u00f3n de Do\u00f1a Pilar Fabregat Baeza.<\/p>  <p>Al finalizar la misa, se lanzar\u00e1n las salvas a nuestra Patrona, a cargo de Pirotecnia Vulcano, con posterior pasacalle hacia la Avenida Jaime I, donde tendr\u00e1 lugar la tradicional masclet\u00e1.<\/p>  <p>El recorrido del pasacalle ser\u00e1 el siguiente: C\/ Mayor, C\/ Alameda, Paseo de la Carretera, Parque de Elche hasta llegar a la Avenida Jaime I.<\/p>  <p><b>14:00 Horas: GRANDIOSA MASCLET\u00c0 Pirodigital<\/b>&nbsp;dedicada a nuestra Patrona y Alcaldesa Perpetua, La Virgen del Sufragio en la Avda. Jaime I, a cargo de la prestigiosa Pirotecnia VULCANO.<\/p>  <p><b>17:30 Horas: Musical infantil \u201cVIAJE DE LAS EMOCIONES\u201d<\/b>&nbsp;en la Plaza SS.MM Los Reyes, para divertirse los m\u00e1s peque\u00f1os, al finalizar, gran chocolatada infantil ofrecida por chocolates Marcos Tonda.<\/p>  <p><b>19:30 Horas: SOLEMNE PROCESI\u00d3N EN HONOR A LA VIRGEN DEL SUFRAGIO,<\/b>&nbsp;con la asistencia de Autoridades civiles y eclesi\u00e1sticas, las Reinas y sus Cortes de Honor, Mayorales, Abanderado y Familia, Pregonero y Familia, Mayorales de Honor, Asociaci\u00f3n de Pe\u00f1as y pueblo de Benidorm, comenzando en la Iglesia Parroquia de San Jaime y Santa Ana y cuyo itinerario es el siguiente:<\/p>  <p>Calle Mayor, Avenida Alameda del Alcalde D. Pedro Zaragoza Orts, Calle Pintor Lozano, C\/ Metge Bayona Martorell, Pl. del Torrej\u00f3, Avenida Virgen del Sufragio, Avenida Mart\u00ednez Alejos, Paseo de la Carretera, Calle Santa Faz, Calle Mal Pas e Iglesia Parroquia de San Jaime y Santa Ana.<\/p>  <p>Al finalizar la procesi\u00f3n, encendido de la tradicional Estampeta de la Virgen del Sufragio, en la plaza de San Jaime.<\/p>  <p><b>23:00 Horas: Emotivo y tradicional canto de \u201cLES COPLETES A LA MARE DE D\u00c9U DEL SOFRATGE<\/b>\u201d, al ritmo de la Xirimita y el Tabalet, en la plaza de San Jaime.<\/p>  <p><b>23:00 Horas: GRAN NOCHE DJ<\/b>&nbsp;en la plaza de SS.MM. los Reyes de Espa\u00f1a, que nos har\u00e1n vibrar y bailar sin parar.<\/p>  <p>Con las actuaciones de:<\/p>  <p><b>DJ NPEMAN <\/b><\/p>  <p><b>DJ MIGUEL SERNA<\/b><\/p>  <p><b>DJ MISS DEEP\u2019IN<\/b><\/p>  <p><b>9:00 Horas:<\/b>&nbsp;Chocolatada popular en la Carpa de la Comisi\u00f3n ofrecida por chocolates Marcos Tonda.<\/p>  <p><b>10:30<\/b>&nbsp;Horas: Recogida de las Reinas de las Fiestas y sus Cortes de Honor por parte de los Mayorales de la Comisi\u00f3n, acompa\u00f1ados por las bandas de m\u00fasica, para ir en pasacalles desde la carpa de la Comisi\u00f3n junto con las Autoridades de nuestra Ciudad en direcci\u00f3n a la Iglesia Parroquia de San Jaime y Santa Ana.<\/p>  <p><b>11:00 Horas: GRAN PARQUE INFANTIL<\/b>&nbsp;en la plaza de SS. MM. los Reyes de Espa\u00f1a para todos los ni\u00f1os de nuestra ciudad, a cargo de ESPECT\u00c1CULOS MAGIC JOHN.<\/p>  <p><b>11:30 Horas: SOLEMNE MISA EN HONOR A SAN JAIME AP\u00d3STOL<\/b>, Patr\u00f3n de Benidorm,&nbsp; en la Iglesia Parroquia de San Jaime y Santa Ana, &nbsp;presidida por D. Jos\u00e9 Antonio Gea Ferr\u00e1ndez, p\u00e1rroco de la inmaculada de Torrevieja y De\u00e1n-Presidente del Cabildo de la Catedral de Orihuela, y con \u00e9l celebrar\u00e1n p\u00e1rrocos y sacerdotes de Benidorm, de la Marina Baixa de otras zonas de nuestra Di\u00f3cesis, con la asistencia de la Reinas y sus Cortes de Honor, Comisi\u00f3n de Fiestas Mayores Patronales, Abanderado y familia, Pregonero y familia, Mayorales de Honor, Autoridades, entidades festeras y culturales, , Asociaci\u00f3n de pe\u00f1as y vecinos de Benidorm.&nbsp;Y cantada por la Polif\u00f3nica \u201cANTONIO BERENGUER\u201d de Polop, dirigida por Rafael Dom\u00e9nech Pardo.<\/p>  <p>Al finalizar la misa, se lanzar\u00e1n las salvas a nuestro Patr\u00f3n, a cargo de Pirotecnia Vulcano, con posterior pasacalle hacia la Avenida Jaime I, donde tendr\u00e1 lugar la tradicional masclet\u00e1.<\/p>  <p>El recorrido del pasacalle ser\u00e1 el siguiente: C\/ Mayor, C\/ Alameda, Paseo de la Carretera, Parque de Elche hasta llegar a la Avenida Jaime I.<\/p>  <p><b>14:00 Horas:<\/b>&nbsp;<b>ATRONADORA MASCLET\u00c0 PIRODIGITAL<\/b>&nbsp;dedicada a nuestro Patr\u00f3n San Jaime Ap\u00f3stol en la Avda. Jaime I, a cargo de la prestigiosa pirotecnia VULCANO.<\/p>  <p><b>16:00 Horas: IV TORNEO PILOTA VALENCIANA \u201cPENYA GANDULS\u201d<\/b><\/p>  <p>Gran partida de PILOTA VALENCIANA per joves pilotaris&nbsp; de la Marina Baixa, organitzada per la Penya Ganduls, al carrer Metge Perez Martorell, amb colaboraci\u00f3 de la Comissi\u00f3 de Festes Majors Patronals 2025.<\/p>  <p><b>19:30 Horas: SOLEMNE PROCESI\u00d3N en honor a Santiago Ap\u00f3stol<\/b>, con la asistencia de Autoridades civiles y eclesi\u00e1sticas, las Reinas y sus Cortes de Honor, Mayorales, Abanderado y familia, Pregonero y familia, Mayorales de Honor, Asociaci\u00f3n de Pe\u00f1as y pueblo de Benidorm cuyo recorrido es el siguiente:<\/p>  <p>&nbsp;Calle Mayor, Avenida Alameda del Alcalde D. Pedro Zaragoza Orts, Paseo de la Carretera, Calle Santa Faz, Calle Mal pas finalizando en la Iglesia Parroquia San Jaime y Santa Ana.<\/p>  <p>Al finalizar la procesi\u00f3n, encendido de la tradicional Estampeta de San Jaime, en la plaza de San Jaime.<\/p>  <p>En el interior del templo, el p\u00e1rroco de San Jaime y Santa Ana, Don Juan Antonio Gonz\u00e1lez, dar\u00e1 a conocer los nuevos Mayorales para organizar las Fiestas Mayores Patronales 2026.<\/p>  <p><b>23:00 Horas: Magn\u00edfico Grupo Benidormense \u201cNI\u00d1OS DE ORO\u201d<\/b>, que nos har\u00e1n disfrutar de su m\u00fasica en vivo y en directo, en el Huerto de Col\u00f3n.<\/p>  <p><b>00:00&nbsp;Horas:<\/b>&nbsp;<b>&nbsp;GRAN CONCIERTO DEL GRUPO \u201cDESPISTAOS<\/b>\u201d, en la Plaza de SS.MM. los Reyes de Espa\u00f1a.<\/p>  <p><b>NOTA:<\/b>&nbsp;Se recuerda que est\u00e1 prohibido acceder a los conciertos y eventos de fiestas con envases de vidrio.<\/p>  <p>Al finalizar el concierto, magn\u00edfico&nbsp;<b>\u201cCORREFOCS\u201d<\/b>&nbsp;a cargo de la Colla de&nbsp;<b>\u201cDIMONIS RAFOLINS<\/b>\u201d con el siguiente itinerario: calle escuelas, calle Ruzafa, paseo de la carretera terminando en Parque de Elche.<\/p>  <p><b>9:30 Horas<\/b>: Recogida de las Reinas de las Fiestas y sus Cortes de Honor por parte de los Mayorales de la Comisi\u00f3n de Fiestas Mayores Patronales, acompa\u00f1ados por las bandas de m\u00fasica, para ir en pasacalles desde la Carpa de la Comisi\u00f3n, junto a las Autoridades de nuestra ciudad, a la Iglesia Parroquial de San Jaime y Santa Ana.<\/p>  <p>&nbsp;<b>10:30 Horas:<\/b>&nbsp;<b>SOLEMNE MISA DE REQUIEM<\/b>&nbsp;en la Iglesia de San Jaime y Santa Ana, en sufragio de las almas de todos los difuntos de Benidorm, oficiada por el p\u00e1rroco Don Juan Antonio Gonz\u00e1lez Maga\u00f1a, acompa\u00f1ado por Autoridades, las Reinas y sus Cortes de Honor, Comisi\u00f3n de Fiestas Mayores Patronales, Abanderado y familia, Pregonero y familia, Mayorales de Honor, Asociaci\u00f3n de pe\u00f1as, entidades culturales y festeras y vecinos de Benidorm, cantada por el Coro Parroquial.<\/p>  <p>Al finalizar la misa, se ofrecer\u00e1 una corona de laurel ante el monumento a los Ca\u00eddos en el Mar, en la plaza de la Se\u00f1or\u00eda.<\/p>  <p>Seguidamente, la comitiva se desplazar\u00e1 a visitar los dos Cementerios de nuestra ciudad, el de la Virgen del Sufragio y el de San Jaime, donde tambi\u00e9n se depositar\u00e1n coronas de flores en memoria de nuestros difuntos y se rezar\u00e1 un responso por los Benidormenses que ya no est\u00e1n entre nosotros.<\/p>  <p><b>11:00 Horas:<\/b>&nbsp;<b>PARQUE INFANTIL<\/b>&nbsp;en la plaza de Sus Majestades los Reyes de Espa\u00f1a para todos los ni\u00f1os de nuestra ciudad.<\/p>  <p><b>14:00 Horas: GRAN<\/b>&nbsp;<b>MASCLET\u00c0 &nbsp;MECANIZADA<\/b>&nbsp;en la Avda. Jaime I, a cargo de la prestigiosa Pirotecnia&nbsp;<b>VULCANO.<\/b><\/p>  <p><b>19:00 Horas:<\/b>&nbsp;<b>GRAN DESFILE DEL HUMOR<\/b>, organizado por la Asociaci\u00f3n de Pe\u00f1as Virgen del Sufragio y patrocinado por la Comisi\u00f3n de Fiestas Mayores Patronales 2025, con los siguientes premios:<\/p>  <p>&#8211; 1\u00ba Premio especial \u201cJos\u00e9 Manuel Galiana\u201d dotado de 1.200\u20ac patrocinado por la Asociaci\u00f3n de Pe\u00f1as.<\/p>  <p>&#8211; 2\u00ba Premio 1000\u20ac patrocinado por la Comisi\u00f3n de Fiestas 2025<\/p>  <p>&#8211; 3\u00ba Premio 600\u20ac patrocinado por la Comisi\u00f3n de Fiestas 2025<\/p>  <p>&#8211; 4\u00ba Premio 400\u20ac patrocinado por la Comisi\u00f3n de Fiestas 2025<\/p>  <p>El Desfile recorrer\u00e1 las calles Venus, Ruzafa y Mart\u00ednez Alejos.<\/p>  <p><b>23:00 Horas: La gran Orquesta itinerante \u201cLa Iguana Fine\u201d,<\/b>&nbsp;que comenzar\u00e1 en el Huerto de Col\u00f3n y recorrer\u00e1, con su escenario, las calles: Tom\u00e1s Ortu\u00f1o,, limones, Calle Ruzafa y C\/ Herrer\u00edas hasta llegar a la plaza SS.MM. Los Reyes de Espa\u00f1a, amenizando las calles con su escenario m\u00f3vil.<\/p>  <p>Al finalizar el concierto en la plaza del Ayuntamiento, se proceder\u00e1 a la entrega de Premios del Desfile del Humor.<\/p>  <p><b>1:00 Horas<\/b>: Sesi\u00f3n DJ en la Plaza de SSMM de Espa\u00f1a, a cargo de la Asociaci\u00f3n de Pe\u00f1as, con las actuaciones siguientes:<\/p>  <p><b>DJ MIKE WAYNE<\/b><\/p>  <p><b>DJ FURYLO<\/b><\/p>  <p><b>DJ KALENDA<\/b><\/p>  <p><b>DJ MIGUEL ROMA<\/b><\/p>  <p><b>DJ IV\u00c1N S\u00c1NCHEZ<\/b><\/p>  <p><b>NOTA:<\/b>&nbsp;Se recuerda que est\u00e1 prohibido acceder a los conciertos y eventos de fiestas con envases de vidrio.<\/p>  <p><b>11:00 Horas: Convivencia de todas las entidades Festeras de la ciudad en la FESTA DE LES FESTES<\/b>. Concentraci\u00f3n en la Plaza de Neptuno y pasacalles por C\/Neptuno, C\/Marte, C\/ Tom\u00e1s Ortu\u00f1o, C\/La Biga, C\/ Ruzafa, C\/ Herrer\u00edas y llegada a la Plaza de SS.MM: los Reyes de Espa\u00f1a, donde ser\u00e1n recibidos por las Reinas y sus Cortes de Honor y Comisi\u00f3n de Fiestas Mayores Patronales.<\/p>  <p>A continuaci\u00f3n, se ofrecer\u00e1 un Vino de Honor en la Carpa de la Comisi\u00f3n de Fiestas, como acto de hermandad festera.&nbsp;&nbsp;&nbsp;&nbsp;&nbsp;&nbsp;&nbsp;&nbsp;&nbsp;<\/p>  <p><b>13:00 Horas: MASCLET\u00c0 INFANTIL<\/b>&nbsp;y dulc\u00edsima traca de caramelos para los m\u00e1s peque\u00f1os, en la plaza de SS. MM. Los Reyes de Espa\u00f1a.<\/p>  <p><b>17:00 Horas:<\/b>&nbsp;Concentraci\u00f3n en el Avda. de Alcoy de las distintas Entidades Festeras y Asociaciones con sus respectivas bandas de m\u00fasica y carrozas.<\/p>  <p><b>18:00 Horas: Inicio del grandioso y<\/b>&nbsp;<b>multicolor DESFILE DE CARROZAS<\/b>, organizado por la Comisi\u00f3n de Fiestas Mayores Patronales 2025, y su itinerario comienza en la Avda. de Alcoy para recorrer la Avda. de Mart\u00ednez Alejos, Avda. de Ruzafa, C\/Venus, C\/ Marte, Avda. de Almendros, finalizando el recorrido Parque de Elche.<\/p>  <p>En el desfile participar\u00e1n las entidades y comisiones festeras, casas regionales, pe\u00f1as y agrupaciones sociales.<\/p>  <p>Este desfile lo cerrar\u00e1n las Reinas de las Fiestas Mayores Patronales, la&nbsp;<b>se\u00f1orita Paula Pascual S\u00e1nchez y la ni\u00f1a Aitana P\u00e9rez Guti\u00e9rrez, junto a sus Cortes de Honor.<\/b><\/p>  <p>Al finalizar el desfile de carrozas, espectacular colof\u00f3n de nuestras Fiestas Mayores Patronales, con el disparo de un&nbsp;<b>GRAN CASTILLO DE FUEGOS ARTIFICALES<\/b>, a cargo de&nbsp;<b>Pirotecnia<\/b>&nbsp;<b>VULCANO<\/b>, que iluminar\u00e1 el cielo de Benidorm.<\/p>  <p><b>23:30 Horas: Entrega de los Premios del Desfile de Carrozas<\/b>, patrocinados por la Comisi\u00f3n de Fiestas Mayores Patronales 2025 en la carpa de la Comisi\u00f3n, ubicada en la plaza de SS. MM. Los Reyes de Espa\u00f1a.<\/p>  <p>1\u00ba Premio 1.000\u20ac y trofeo<\/p>  <p>2\u00ba Premio 600\u20ac y trofeo<\/p>  <p>3\u00ba Premio 400\u20ac y trofeo<\/p>  <p>Premio especial a la mejor carroza artesanal: 1.200\u20ac y trofeo<\/p> ","protected":false},"excerpt":{"rendered":"<p>Del 7 al 12 de noviembre<\/p>\n","protected":false},"author":0,"featured_media":19767,"comment_status":"","ping_status":"open","sticky":false,"template":"","format":"standard","meta":{"_acf_changed":false,"footnotes":""},"categories":[1],"tags":[],"class_list":["post-19766","post","type-post","status-publish","format-standard","has-post-thumbnail","hentry","category-sin-categoria"],"acf":{"ser_id":"ENT2O2ENUJGMDM2MBH5OA5CRKQ","ser_url":"https:\/\/cadenaser.com\/comunitat-valenciana\/2025\/11\/05\/programa-completo-de-les-festes-majors-patronals-de-benidorm-2025-radio-benidorm\/"},"_links":{"self":[{"href":"https:\/\/serbenidorm.daliisolutions.com\/index.php\/wp-json\/wp\/v2\/posts\/19766","targetHints":{"allow":["GET"]}}],"collection":[{"href":"https:\/\/serbenidorm.daliisolutions.com\/index.php\/wp-json\/wp\/v2\/posts"}],"about":[{"href":"https:\/\/serbenidorm.daliisolutions.com\/index.php\/wp-json\/wp\/v2\/types\/post"}],"replies":[{"embeddable":true,"href":"https:\/\/serbenidorm.daliisolutions.com\/index.php\/wp-json\/wp\/v2\/comments?post=19766"}],"version-history":[{"count":0,"href":"https:\/\/serbenidorm.daliisolutions.com\/index.php\/wp-json\/wp\/v2\/posts\/19766\/revisions"}],"wp:featuredmedia":[{"embeddable":true,"href":"https:\/\/serbenidorm.daliisolutions.com\/index.php\/wp-json\/wp\/v2\/media\/19767"}],"wp:attachment":[{"href":"https:\/\/serbenidorm.daliisolutions.com\/index.php\/wp-json\/wp\/v2\/media?parent=19766"}],"wp:term":[{"taxonomy":"category","embeddable":true,"href":"https:\/\/serbenidorm.daliisolutions.com\/index.php\/wp-json\/wp\/v2\/categories?post=19766"},{"taxonomy":"post_tag","embeddable":true,"href":"https:\/\/serbenidorm.daliisolutions.com\/index.php\/wp-json\/wp\/v2\/tags?post=19766"}],"curies":[{"name":"wp","href":"https:\/\/api.w.org\/{rel}","templated":true}]}}