{"id":19769,"date":"2025-11-07T20:16:43","date_gmt":"2025-11-07T19:16:43","guid":{"rendered":"https:\/\/serbenidorm.daliisolutions.com\/index.php\/2025\/11\/07\/el-low-festival-se-va-de-benidorm\/"},"modified":"2025-11-07T20:16:43","modified_gmt":"2025-11-07T19:16:43","slug":"el-low-festival-se-va-de-benidorm","status":"publish","type":"post","link":"https:\/\/serbenidorm.daliisolutions.com\/index.php\/2025\/11\/07\/el-low-festival-se-va-de-benidorm\/","title":{"rendered":"El Low Festival se va de Benidorm"},"content":{"rendered":" <p>La organizaci\u00f3n de Low Festival ha comunicado oficialmente este viernes que, tras no llegar a un acuerdo con el Ayuntamiento de Benidorm para la renovaci\u00f3n del convenio de colaboraci\u00f3n vigente, el festival se trasladar\u00e1 a una nueva ciudad, que se anunciar\u00e1 en los pr\u00f3ximos d\u00edas. <\/p>  <p>En este nuevo destino, \u00abLow Festival continuar\u00e1 con el mismo esp\u00edritu, calidad art\u00edstica y compromiso con la m\u00fasica en directo que lo han caracterizado durante los \u00faltimos 15 a\u00f1os\u00bb, apunta Jos\u00e9 Manuel Pi\u00f1ero, CEO de Producciones Baltimore y director del Low Festival.<\/p>  <p>Durante las \u00faltimas semanas, la direcci\u00f3n del festival ha mantenido conversaciones con el Ayuntamiento para renovar el acuerdo por cuatro a\u00f1os m\u00e1s. En dichas reuniones, seg\u00fan los promotores, se confirm\u00f3 verbalmente la continuidad del proyecto y su protecci\u00f3n ante cualquier nueva adjudicaci\u00f3n del recinto. Sin embargo, explica Pi\u00f1eiro, finalmente no ha sido posible llegar a un entendimiento tras la adjudicaci\u00f3n de la instalaci\u00f3n a una nueva gesti\u00f3n privada, cuyas condiciones econ\u00f3micas resultaban inviables para el festival.<\/p>  <p>Ante esta situaci\u00f3n, la organizaci\u00f3n del festival, el m\u00e1s grande de la provincia y dentro de los 10 m\u00e1s importantes de Espa\u00f1a, asegura que \u201cLow Festival no se acaba aqu\u00ed. Seguimos adelante, en una gran ciudad de verano y playa, con la misma energ\u00eda, pasi\u00f3n y profesionalidad de siempre. Este proyecto naci\u00f3 del amor por la m\u00fasica y seguir\u00e1 creciendo fiel a su esencia\u201d.<\/p>  <p>A lo largo de los 15 a\u00f1os del Low Festival en Benidorm, apuntan los promotores, el evento ha demostrado su capacidad de adaptaci\u00f3n, \u00absuperando desaf\u00edos como impagos, siempre con la lealtad de su p\u00fablico, artistas, agencias, trabajadores y colaboradores\u00bb.<\/p>  <p>\u00abSu trayectoria se ha consolidado como una referencia en el circuito nacional de festivales, destacando por su cercan\u00eda, su cuidada programaci\u00f3n y el respeto hacia la profesi\u00f3n\u00bb, a\u00f1aden.<\/p>  <p>Durante estos 15 a\u00f1os, el festival ha contado con bandas que han marcado su historia y la de todos los \u00ablowers\u00bb, como Pet Shop Boys, New Order, The Chemical Brothers, Primal Scream, Vetusta Morla, Izal, Lori Meyers o Viva Suecia, entre muchos otros, contribuyendo a construir un proyecto que ha ido creciendo junto a todos sus asistentes.<\/p>  <p>La nueva ciudad se dar\u00e1 a conocer en los pr\u00f3ximos d\u00edas junto al anuncio oficial del cartel, que mantendr\u00e1 la l\u00ednea art\u00edstica que ha convertido al festival en una cita imprescindible convirtiendo el 31 de julio, 1 y 2 de agosto en los tres mejores d\u00edas de todo el verano.<\/p>  <p>El director del festival ha trasladado el sentimiento del equipo y la ilusi\u00f3n por continuar con el evento. \u00abNos mueve la m\u00fasica, la honestidad y las ganas de seguir creando momentos \u00fanicos. Por eso miramos hacia adelante, con ilusi\u00f3n renovada y las puertas abiertas a todos los que han formado parte de esta historia, se\u00f1ala.<\/p>  <p>Tanto la organizaci\u00f3n como Producciones Baltimore agradecen a \u00abtodas las agencias, bandas, patrocinadores y medios de comunicaci\u00f3n el apoyo y la confianza mostrada durante estos a\u00f1os y sigue adelante con el proyecto que naci\u00f3 en el Puerto de Alicante, creci\u00f3 en Benidorm y que, ahora, 15 a\u00f1os despu\u00e9s se traslada a un nuevo espacio sin perder su esencia\u00bb.<\/p>  <p>Por su parte, el Ayuntamiento de Benidorm, a trav\u00e9s de un comunicado, se ha defendido de las acusaciones de los promotores del Low Festival. Critican que se les ha informado de la \u00abdecisi\u00f3n unilateral\u00bb apenas unos minutos antes de hacerla oficial en las redes sociales del festival. <\/p>  <p>Argumentan que, una vez finalizado el contrato anterior el pasado mes de julio sin posibilidad de pr\u00f3rroga, el Ayuntamiento ha intentado alcanzar un acuerdo para garantizar la continuidad del festival en Benidorm, pero las condiciones que reclama la promotora para permanecer en la ciudad \u00abno son compatibles con las nuevas pretensiones del Ayuntamiento en la gesti\u00f3n de los eventos\u00bb. Entre ellas, apuntan, una de las principales ha sido en materia de horarios, que pasa por la finalizaci\u00f3n de la emisi\u00f3n musical a las 02.30 horas en fin de semana. <\/p>  <p>Por \u00faltimo, agradecen a Producciones Baltimore la experiencia compartida en estos 14 a\u00f1os de relaci\u00f3n, en los que \u00abBenidorm ha mejorado su posicionamiento como ciudad de eventos y la promotora se ha expandido a otros territorios y ciudades\u00bb.<\/p>  <p>Low Festival deja Benidorm con un impacto econ\u00f3mico en la ciudad de m\u00e1s de 150 millones de euros, una inversi\u00f3n de 40 millones de euros, m\u00e1s de 900 bandas y un impacto medio de casi 100 millones de euros.<\/p> ","protected":false},"excerpt":{"rendered":"<p>La organizaci\u00f3n busca un nuevo emplazamiento en la provincia que dar\u00e1 a conocer el pr\u00f3ximo martes tras no llegar a un acuerdo con el Ayuntamiento<\/p>\n","protected":false},"author":0,"featured_media":19770,"comment_status":"","ping_status":"open","sticky":false,"template":"","format":"standard","meta":{"_acf_changed":false,"footnotes":""},"categories":[1],"tags":[],"class_list":["post-19769","post","type-post","status-publish","format-standard","has-post-thumbnail","hentry","category-sin-categoria"],"acf":{"ser_id":"BNJDSGLVFBEV5GK4IADEU74LOQ","ser_url":"https:\/\/cadenaser.com\/comunitat-valenciana\/2025\/11\/07\/el-low-festival-se-va-de-benidorm-radio-alicante\/"},"_links":{"self":[{"href":"https:\/\/serbenidorm.daliisolutions.com\/index.php\/wp-json\/wp\/v2\/posts\/19769","targetHints":{"allow":["GET"]}}],"collection":[{"href":"https:\/\/serbenidorm.daliisolutions.com\/index.php\/wp-json\/wp\/v2\/posts"}],"about":[{"href":"https:\/\/serbenidorm.daliisolutions.com\/index.php\/wp-json\/wp\/v2\/types\/post"}],"replies":[{"embeddable":true,"href":"https:\/\/serbenidorm.daliisolutions.com\/index.php\/wp-json\/wp\/v2\/comments?post=19769"}],"version-history":[{"count":0,"href":"https:\/\/serbenidorm.daliisolutions.com\/index.php\/wp-json\/wp\/v2\/posts\/19769\/revisions"}],"wp:featuredmedia":[{"embeddable":true,"href":"https:\/\/serbenidorm.daliisolutions.com\/index.php\/wp-json\/wp\/v2\/media\/19770"}],"wp:attachment":[{"href":"https:\/\/serbenidorm.daliisolutions.com\/index.php\/wp-json\/wp\/v2\/media?parent=19769"}],"wp:term":[{"taxonomy":"category","embeddable":true,"href":"https:\/\/serbenidorm.daliisolutions.com\/index.php\/wp-json\/wp\/v2\/categories?post=19769"},{"taxonomy":"post_tag","embeddable":true,"href":"https:\/\/serbenidorm.daliisolutions.com\/index.php\/wp-json\/wp\/v2\/tags?post=19769"}],"curies":[{"name":"wp","href":"https:\/\/api.w.org\/{rel}","templated":true}]}}