{"id":19831,"date":"2025-11-11T14:28:53","date_gmt":"2025-11-11T13:28:53","guid":{"rendered":"https:\/\/serbenidorm.daliisolutions.com\/index.php\/2025\/11\/11\/juanfran-perez-llorca-candidato-del-pp-a-la-presidencia-de-la-generalitat-valenciana-en-sustitucion-de-mazon\/"},"modified":"2025-11-11T14:28:53","modified_gmt":"2025-11-11T13:28:53","slug":"juanfran-perez-llorca-candidato-del-pp-a-la-presidencia-de-la-generalitat-valenciana-en-sustitucion-de-mazon","status":"publish","type":"post","link":"https:\/\/serbenidorm.daliisolutions.com\/index.php\/2025\/11\/11\/juanfran-perez-llorca-candidato-del-pp-a-la-presidencia-de-la-generalitat-valenciana-en-sustitucion-de-mazon\/","title":{"rendered":"Juanfran P\u00e9rez Llorca, candidato del PP a la Presidencia de la Generalitat Valenciana en sustituci\u00f3n de Maz\u00f3n"},"content":{"rendered":" <p>El presidente del PP, Alberto N\u00fa\u00f1ez Feij\u00f3o, ha mantenido este martes una conversaci\u00f3n telef\u00f3nica con <a href=\"https:\/\/cadenaser.com\/comunitat-valenciana\/2023\/05\/23\/juanfran-perez-llorca-finestrat-yo-quiero-que-finestrat-tenga-un-peso-en-el-futuro-gobierno-de-carlos-mazon-radio-benidorm\/\" target=\"_blank\" rel=\"noreferrer\" title=\"https:\/\/cadenaser.com\/comunitat-valenciana\/2023\/05\/23\/juanfran-perez-llorca-finestrat-yo-quiero-que-finestrat-tenga-un-peso-en-el-futuro-gobierno-de-carlos-mazon-radio-benidorm\/\">Juanfran P\u00e9rez Llorca<\/a> en la que le ha comunicado su designaci\u00f3n como candidato del PP a la Presidencia de la Generalitat de cara al pleno de investidura que se convocar\u00e1 en los pr\u00f3ximos d\u00edas para dar estabilidad a la Comunidad Valenciana a la mayor brevedad posible. <\/p>  <p><a href=\"https:\/\/cadenaser.com\/comunitat-valenciana\/2025\/11\/11\/miguel-tellado-avanza-que-feijoo-dara-a-conocer-rapido-su-candidato-para-sustituir-a-mazon-tras-consultar-con-el-ppcv-radio-valencia\/\" target=\"_blank\" rel=\"noreferrer\" title=\"https:\/\/cadenaser.com\/comunitat-valenciana\/2025\/11\/11\/miguel-tellado-avanza-que-feijoo-dara-a-conocer-rapido-su-candidato-para-sustituir-a-mazon-tras-consultar-con-el-ppcv-radio-valencia\/\">Miguel Tellado<\/a> tambi\u00e9n ha telefoneado a los presidentes provinciales para comunicarles la decisi\u00f3n de la direcci\u00f3n nacional del partido. Dicha decisi\u00f3n ha contado con el respaldo un\u00e1nime de los tres territorios. <\/p>  <p>P\u00e9rez Llorca ha agradecido en redes sociales \u00abla confianza\u00bb de Feij\u00f3o con su designaci\u00f3n: \u00abAcepto el reto de lograr una mayor\u00eda con el foco puesto en la recuperaci\u00f3n y reconstrucci\u00f3n de la Comunitat Valenciana. Se abre ahora un periodo de di\u00e1logo que afrontaremos con seriedad, rigor y siempre priorizando las necesidades de los valencianos\u00bb, se\u00f1ala.<\/p>  <blockquote class=\"twitter-tweet\"><p lang=\"es\" dir=\"ltr\">Agradezco la confianza del presidente de mi partido, Alberto N\u00fa\u00f1ez Feij\u00f3o, proponi\u00e9ndome como candidato a la Presidencia de la Generalitat. Acepto el reto de lograr una mayor\u00eda con el foco puesto en la recuperaci\u00f3n y reconstrucci\u00f3n de la Comunitat Valenciana.  Se abre ahora un\u2026<\/p>&mdash; Juanfran P\u00e9rez Llorca (@JuanFranFines) <a href=\"https:\/\/twitter.com\/JuanFranFines\/status\/1988226067790696511?ref_src=twsrc%5Etfw\">November 11, 2025<\/a><\/blockquote>\n&lt;\/script&gt;\n\n  <p>El PPCV ha se\u00f1alado que comunicar\u00e1 formalmente esta decisi\u00f3n a Vox as\u00ed como al resto de grupos con representaci\u00f3n en las Cortes Valencianas. De momento, la formaci\u00f3n de Santiago Abascal se ha enterado por la prensa de esta designaci\u00f3n: \u00abVeremos en los pr\u00f3ximos d\u00edas las negociaciones, las conversaciones y negociaciones que abriremos con el PP, pero antes tendr\u00e1 que comunic\u00e1rnoslo a nosotros\u00bb, ha se\u00f1alado su secretario general, Ignacio Garriga.<\/p>  <p>Desde Vox, insisten en que lo importante es seguir con la negociaci\u00f3n: \u00abLa idea es poner ideas sobre la mesa pol\u00edtica, seguir avanzando en la l\u00ednea que, como podr\u00e1n imaginar, trazamos en la negociaci\u00f3n de los presupuestos de Valencia y a partir de ah\u00ed, pues ser\u00e1n los pr\u00f3ximos d\u00edas cuando podamos decir si realmente el Partido Popular sigue con esa disposici\u00f3n negociadora y de cambiar las cosas o por el contrario, no. Eso ahora es una inc\u00f3gnita\u00bb.<\/p>  <p>La jueza de Catarroja que investiga la DANA <a href=\"https:\/\/cadenaser.com\/comunitat-valenciana\/2025\/11\/07\/la-jueza-de-la-dana-cita-a-perez-llorca-y-al-dueno-de-el-ventorro-el-21-de-noviembre-radio-valencia\/\" target=\"_blank\" rel=\"noreferrer\" title=\"https:\/\/cadenaser.com\/comunitat-valenciana\/2025\/11\/07\/la-jueza-de-la-dana-cita-a-perez-llorca-y-al-dueno-de-el-ventorro-el-21-de-noviembre-radio-valencia\/\">cit\u00f3 a declarar a Juanfran P\u00e9rez Llorca el pr\u00f3ximo 21 de noviembre<\/a>, el mismo d\u00eda acudir\u00e1 el propietario del restaurante El Ventorro.<\/p>  <p>P\u00e9rez Llorca no podr\u00e1 ser nombrado presidente antes de la \u00faltima semana de noviembre por lo que declarar\u00e1 como secretario general del PP de la Comunitat Valenciana.<\/p>  <p><\/p>  <p><\/p>  <p><\/p>  <p><\/p> ","protected":false},"excerpt":{"rendered":"<p>Tendr\u00e1 que declarar ante la jueza de la DANA el pr\u00f3ximo 21 de noviembre<\/p>\n","protected":false},"author":0,"featured_media":19832,"comment_status":"","ping_status":"open","sticky":false,"template":"","format":"standard","meta":{"_acf_changed":false,"footnotes":""},"categories":[1],"tags":[],"class_list":["post-19831","post","type-post","status-publish","format-standard","has-post-thumbnail","hentry","category-sin-categoria"],"acf":{"ser_id":"CMXRLWVRJNF5VG7NXUQ333DPOY","ser_url":"https:\/\/cadenaser.com\/nacional\/2025\/11\/11\/juan-francisco-perez-llorca-candidato-del-pp-a-la-presidencia-de-la-generalitat-valenciana-de-cara-al-pleno-de-investidura-que-se-convocara-en-los-proximos-dias-cadena-ser\/"},"_links":{"self":[{"href":"https:\/\/serbenidorm.daliisolutions.com\/index.php\/wp-json\/wp\/v2\/posts\/19831","targetHints":{"allow":["GET"]}}],"collection":[{"href":"https:\/\/serbenidorm.daliisolutions.com\/index.php\/wp-json\/wp\/v2\/posts"}],"about":[{"href":"https:\/\/serbenidorm.daliisolutions.com\/index.php\/wp-json\/wp\/v2\/types\/post"}],"replies":[{"embeddable":true,"href":"https:\/\/serbenidorm.daliisolutions.com\/index.php\/wp-json\/wp\/v2\/comments?post=19831"}],"version-history":[{"count":0,"href":"https:\/\/serbenidorm.daliisolutions.com\/index.php\/wp-json\/wp\/v2\/posts\/19831\/revisions"}],"wp:featuredmedia":[{"embeddable":true,"href":"https:\/\/serbenidorm.daliisolutions.com\/index.php\/wp-json\/wp\/v2\/media\/19832"}],"wp:attachment":[{"href":"https:\/\/serbenidorm.daliisolutions.com\/index.php\/wp-json\/wp\/v2\/media?parent=19831"}],"wp:term":[{"taxonomy":"category","embeddable":true,"href":"https:\/\/serbenidorm.daliisolutions.com\/index.php\/wp-json\/wp\/v2\/categories?post=19831"},{"taxonomy":"post_tag","embeddable":true,"href":"https:\/\/serbenidorm.daliisolutions.com\/index.php\/wp-json\/wp\/v2\/tags?post=19831"}],"curies":[{"name":"wp","href":"https:\/\/api.w.org\/{rel}","templated":true}]}}